{"id":4414,"date":"2023-05-12T20:30:04","date_gmt":"2023-05-12T18:30:04","guid":{"rendered":"https:\/\/www.cdlpv.org\/dtl\/?p=4414"},"modified":"2023-05-12T12:40:45","modified_gmt":"2023-05-12T10:40:45","slug":"denominacions-oficials-algar-de-palancia","status":"publish","type":"post","link":"https:\/\/www.cdlpv.org\/dtl\/2023\/05\/12\/denominacions-oficials-algar-de-palancia\/","title":{"rendered":"Denominacions oficials: Algar de Pal\u00e0ncia"},"content":{"rendered":"<p>El municipi d&#8217;Algar de Pal\u00e0ncia (Camp de Morvedre) ha fixat la forma oficial del seu nom (<span class=\"versaleta\"><em>dogv<\/em><\/span>, 28.03.2023; <span class=\"versaleta\"><a href=\"https:\/\/dogv.gva.es\/datos\/2023\/03\/28\/pdf\/2023_3254.pdf\" target=\"_blank\" rel=\"noopener\"><i class=\"fas fa-file-pdf\" aria-label=\"dogv\"><\/i><\/a><\/span>; <span class=\"versaleta\"><em>boe<\/em><\/span>, 11.05.2023; <span class=\"versaleta\"><a href=\"https:\/\/www.boe.es\/diario_boe\/txt.php?id=BOE-A-2023-11185\" target=\"_blank\" rel=\"noopener\"><i class=\"fas fa-file-pdf\" aria-label=\"boe\"><\/i><\/a>):<\/span><\/p>\n<blockquote><p>Decret 35\/2023, de 24 de mar\u00e7, del Consell, pel qual s&#8217;aprova el canvi de denominaci\u00f3 del municipi d&#8217;Algar de Palancia per la forma exclusiva en valenci\u00e0 Algar de Pal\u00e0ncia.<\/p><\/blockquote>\n<p>M\u00e9s denominacions oficials en: <a href=\"http:\/\/www.cdlpv.org\/fitxes\/municipis-i-comarques-del-pais-valencia\/\" target=\"_blank\" rel=\"noopener\">Municipis i comarques (PV)<\/a>.<\/p>\n","protected":false},"excerpt":{"rendered":"<p>El municipi d&#8217;Algar de Pal\u00e0ncia (Camp de Morvedre) ha fixat la forma oficial del seu nom (dogv, 28.03.2023; ; boe, 11.05.2023; ): Decret 35\/2023, de 24 de mar\u00e7, del Consell, pel qual s&#8217;aprova el canvi de denominaci\u00f3 del municipi d&#8217;Algar de Palancia per la forma exclusiva en valenci\u00e0 Algar de Pal\u00e0ncia. M\u00e9s denominacions oficials en: [&hellip;]<\/p>\n","protected":false},"author":56,"featured_media":0,"comment_status":"open","ping_status":"open","sticky":false,"template":"","format":"standard","meta":{"footnotes":""},"categories":[32],"tags":[50],"class_list":["post-4414","post","type-post","status-publish","format-standard","hentry","category-toponimia","tag-administracio-local"],"_links":{"self":[{"href":"https:\/\/www.cdlpv.org\/dtl\/wp-json\/wp\/v2\/posts\/4414","targetHints":{"allow":["GET"]}}],"collection":[{"href":"https:\/\/www.cdlpv.org\/dtl\/wp-json\/wp\/v2\/posts"}],"about":[{"href":"https:\/\/www.cdlpv.org\/dtl\/wp-json\/wp\/v2\/types\/post"}],"author":[{"embeddable":true,"href":"https:\/\/www.cdlpv.org\/dtl\/wp-json\/wp\/v2\/users\/56"}],"replies":[{"embeddable":true,"href":"https:\/\/www.cdlpv.org\/dtl\/wp-json\/wp\/v2\/comments?post=4414"}],"version-history":[{"count":3,"href":"https:\/\/www.cdlpv.org\/dtl\/wp-json\/wp\/v2\/posts\/4414\/revisions"}],"predecessor-version":[{"id":4417,"href":"https:\/\/www.cdlpv.org\/dtl\/wp-json\/wp\/v2\/posts\/4414\/revisions\/4417"}],"wp:attachment":[{"href":"https:\/\/www.cdlpv.org\/dtl\/wp-json\/wp\/v2\/media?parent=4414"}],"wp:term":[{"taxonomy":"category","embeddable":true,"href":"https:\/\/www.cdlpv.org\/dtl\/wp-json\/wp\/v2\/categories?post=4414"},{"taxonomy":"post_tag","embeddable":true,"href":"https:\/\/www.cdlpv.org\/dtl\/wp-json\/wp\/v2\/tags?post=4414"}],"curies":[{"name":"wp","href":"https:\/\/api.w.org\/{rel}","templated":true}]}}