{"id":4410,"date":"2023-04-27T20:30:36","date_gmt":"2023-04-27T18:30:36","guid":{"rendered":"https:\/\/www.cdlpv.org\/dtl\/?p=4410"},"modified":"2023-04-28T08:39:21","modified_gmt":"2023-04-28T06:39:21","slug":"denominacions-oficials-novetle","status":"publish","type":"post","link":"https:\/\/www.cdlpv.org\/dtl\/2023\/04\/27\/denominacions-oficials-novetle\/","title":{"rendered":"Denominacions oficials: Novetl\u00e8"},"content":{"rendered":"<p>El municipi Novetl\u00e8 (Costera) ha fixat la forma oficial del seu nom (<em><span class=\"versaleta\">dogv<\/span><\/em>, 04.04.2023; <span class=\"versaleta\"><a href=\"https:\/\/dogv.gva.es\/datos\/2023\/04\/04\/pdf\/2023_3584.pdf\" target=\"_blank\" rel=\"noopener\"><span class=\"versaleta\"><i class=\"fas fa-file-pdf\"><\/i><\/span><\/a><\/span>; <em><span class=\"versaleta\">boe<\/span><\/em>, 25.04.2023; <span class=\"versaleta\"><a href=\"https:\/\/www.boe.es\/boe\/dias\/2023\/04\/25\/pdfs\/BOE-A-2023-10039.pdf\" target=\"_blank\" rel=\"noopener\"><i class=\"fas fa-file-pdf\"><\/i><\/a>):<\/span><\/p>\n<blockquote><p>Decret 42\/2023, de 31 de mar\u00e7, del Consell, pel qual s\u2019aprova el canvi de denominaci\u00f3 del municipi de Novetl\u00e8\/Novel\u00e9 per la forma exclusiva en valenci\u00e0 <em>Novetl\u00e8<\/em>.<\/p><\/blockquote>\n<p>M\u00e9s denominacions oficials en: <a href=\"http:\/\/www.cdlpv.org\/fitxes\/municipis-i-comarques-del-pais-valencia\/\" target=\"_blank\" rel=\"noopener\">Municipis i comarques (PV)<\/a>.<\/p>\n","protected":false},"excerpt":{"rendered":"<p>El municipi Novetl\u00e8 (Costera) ha fixat la forma oficial del seu nom (dogv, 04.04.2023; ; boe, 25.04.2023; ): Decret 42\/2023, de 31 de mar\u00e7, del Consell, pel qual s\u2019aprova el canvi de denominaci\u00f3 del municipi de Novetl\u00e8\/Novel\u00e9 per la forma exclusiva en valenci\u00e0 Novetl\u00e8. M\u00e9s denominacions oficials en: Municipis i comarques (PV).<\/p>\n","protected":false},"author":56,"featured_media":0,"comment_status":"open","ping_status":"open","sticky":false,"template":"","format":"standard","meta":{"footnotes":""},"categories":[32],"tags":[50],"class_list":["post-4410","post","type-post","status-publish","format-standard","hentry","category-toponimia","tag-administracio-local"],"_links":{"self":[{"href":"https:\/\/www.cdlpv.org\/dtl\/wp-json\/wp\/v2\/posts\/4410","targetHints":{"allow":["GET"]}}],"collection":[{"href":"https:\/\/www.cdlpv.org\/dtl\/wp-json\/wp\/v2\/posts"}],"about":[{"href":"https:\/\/www.cdlpv.org\/dtl\/wp-json\/wp\/v2\/types\/post"}],"author":[{"embeddable":true,"href":"https:\/\/www.cdlpv.org\/dtl\/wp-json\/wp\/v2\/users\/56"}],"replies":[{"embeddable":true,"href":"https:\/\/www.cdlpv.org\/dtl\/wp-json\/wp\/v2\/comments?post=4410"}],"version-history":[{"count":2,"href":"https:\/\/www.cdlpv.org\/dtl\/wp-json\/wp\/v2\/posts\/4410\/revisions"}],"predecessor-version":[{"id":4412,"href":"https:\/\/www.cdlpv.org\/dtl\/wp-json\/wp\/v2\/posts\/4410\/revisions\/4412"}],"wp:attachment":[{"href":"https:\/\/www.cdlpv.org\/dtl\/wp-json\/wp\/v2\/media?parent=4410"}],"wp:term":[{"taxonomy":"category","embeddable":true,"href":"https:\/\/www.cdlpv.org\/dtl\/wp-json\/wp\/v2\/categories?post=4410"},{"taxonomy":"post_tag","embeddable":true,"href":"https:\/\/www.cdlpv.org\/dtl\/wp-json\/wp\/v2\/tags?post=4410"}],"curies":[{"name":"wp","href":"https:\/\/api.w.org\/{rel}","templated":true}]}}