{"id":4401,"date":"2023-03-16T20:30:54","date_gmt":"2023-03-16T18:30:54","guid":{"rendered":"https:\/\/www.cdlpv.org\/dtl\/?p=4401"},"modified":"2023-03-16T14:17:09","modified_gmt":"2023-03-16T12:17:09","slug":"seminari-sobre-el-model-linguistic-de-la-cvmc","status":"publish","type":"post","link":"https:\/\/www.cdlpv.org\/dtl\/2023\/03\/16\/seminari-sobre-el-model-linguistic-de-la-cvmc\/","title":{"rendered":"Seminari sobre el model ling\u00fc\u00edstic de la CVMC"},"content":{"rendered":"<p>El Gabinet d&#8217;Assessorament Ling\u00fc\u00edstic als Mitjans de Comunicaci\u00f3 ha penjat en la xarxa el seminari impartit per Adri\u00e0 Castells Ferrando sobre \u00abConfiguraci\u00f3 del model ling\u00fc\u00edstic de la CVMC\u00bb. La iniciativa del seminari es fonamenta amb la idea seg\u00fcent: <a href=\"https:\/\/blocs.uib.cat\/galmic\/2023\/02\/24\/viii-seminari-de-qualitat-linguistica-als-mitjans-de-comunicacio-configuracio-del-model-linguistic-de-la-cvmc\/\" target=\"_blank\" rel=\"noopener\"><i class=\"fas fa-external-link-alt\" aria-label=\"Enlla\u00e7 al bloc del gabinet\"><\/i><\/a><\/p>\n<blockquote><p>La consolidaci\u00f3 d\u2019un model ling\u00fc\u00edstic \u00e9s necess\u00e0ria per establir un consens pel que fa a les directrius ling\u00fc\u00edstiques que han de seguir els comunicadors. La problem\u00e0tica (estretament lligada al dialecte propi) a l\u2019hora de prendre decisions pel que fa a la tria d\u2019un model ling\u00fc\u00edstic no \u00e9s exclusiva de les Illes Balears, sin\u00f3 compartida entre tots els territoris de parla catalana. Con\u00e8ixer les resolucions ling\u00fc\u00edstiques a les quals han arribat altres territoris, en aquest cas la Corporaci\u00f3 Valenciana de Mitjans de Comunicaci\u00f3, al Pa\u00eds Valenci\u00e0, ens permetr\u00e0 arribar a solucions paral\u00b7leles pel que fa a les nostres tries ling\u00fc\u00edstiques.<\/p><\/blockquote>\n<p>Al llarg de l&#8217;hora que dura el v\u00eddeo, <a href=\"https:\/\/www.youtube.com\/watch?v=jSnAIO00mDI&amp;ab_channel=JornadesiSeminarisdeQualitatLing%C3%BC%C3%ADsticaUIB\" target=\"_blank\" rel=\"noopener\"><i class=\"fas fa-external-link-alt\" aria-label=\"Enlla\u00e7 al bloc del gabinet\"><\/i><\/a> Adri\u00e0 Castells exposa una panor\u00e0mica sobre la gesti\u00f3 del material ling\u00fc\u00edstic del mitj\u00e0 p\u00fablic valenci\u00e0, a partir del llibre d&#8217;estil de la corporaci\u00f3 \u2014que no han elaborat els ling\u00fcistes de l&#8217;ens\u2014, tenint en compte les refer\u00e8ncies de l&#8217;Observatori de la Qualitat Ling\u00fc\u00edstica <a href=\"https:\/\/oql.iec.cat\/qui-som\/\" target=\"_blank\" rel=\"noopener\"><i class=\"fas fa-external-link-alt\" aria-label=\"Enlla\u00e7 a l\\'observatori\"><\/i><\/a> de l&#8217;Institut d&#8217;Estudis Catalans i les obres de l&#8217;Acad\u00e8mia Valenciana de la Llengua, i aportant la seua visi\u00f3 de l&#8217;activitat professional dels t\u00e8cnics ling\u00fc\u00edstics en el medi audiovisual valenci\u00e0, on destaca la idea i la necessitat que els mateixos departaments ling\u00fc\u00edstics dels mitjans haurien de fer recerca i reflexi\u00f3 sobre els models de llengua que vehiculen.<\/p>\n<p>A continuaci\u00f3 transcrivim algunes de les reflexions exposades en el seminari:<\/p>\n<blockquote><p>Els mitjans de comunicaci\u00f3 valencians, pel que fa a l\u00e8xic, han deixat de ser una font de creaci\u00f3 del novetats l\u00e8xiques. Aquest \u00e9s un punt important, sobretot pel que fa a la programaci\u00f3 infantil. Ja no generem paraules noves, o ja no tenim, en este cas, la potestat de generar estes paraules noves, perqu\u00e8 tot est\u00e0 acaparat, en este cas, pels continguts dels canals tem\u00e0tics en castell\u00e0 i en angl\u00e9s. Els programes infantils, que haurien de ser la porta d&#8217;entrada de les expressions l\u00e8xiques recuperades, aquells que van m\u00e9s enll\u00e0 del model de llengua escolar, doncs, ja no creen, ja no est\u00e0 creant llengua a partir de la programaci\u00f3 infantil, perqu\u00e8 els pr\u00e9stecs, els neologismes, doncs, ja ens arriben i es creen en altres lleng\u00fces. Aix\u00f2 no passava abans. [&#8230;]\n<p>En una consulta que vaig fer, recorde ara mateix, a un grup d&#8217;assessors ling\u00fc\u00edstics (traductors, ajustadors, subtituladors&#8230;), de ling\u00fcistes externs, que treballen en les productores externes, vaig poder comprovar que el terreny m\u00e9s procel\u00b7l\u00f3s, el terreny que m\u00e9s inseguretats causava, sobre el qual els professionals se sentien m\u00e9s insegurs, \u00e9s el de la llengua m\u00e9s popular i el de la llengua col\u00b7loquial, i \u00e9s el del l\u00e8xic col\u00b7loquial i \u00e9s el de les estructures, podem dir, m\u00e9s genu\u00efnes. [&#8230;] Les respostes van permetre aventurar una primera conclusi\u00f3, i \u00e9s que la llengua viva, les formes col\u00b7loquials que sentim cada dia els parlants habituals de la llengua, i en les mateixes situacions de comunicaci\u00f3 que els formats audiovisuals busquen reproduir (a la ficci\u00f3, a l&#8217;entreteniment&#8230;) no forma part de les grans obres lexicogr\u00e0fiques ni de cap compendi alternatiu i paral\u00b7lel que reculla solucions menys formals o que aporten naturalitat i autenticitat, per\u00f2 que siguen consensuades, que siguen correctes, que siguen acceptades socialment. I entre els assessors ling\u00fc\u00edstics el que funciona finalment \u00e9s el \u00abdiccionarisme\u00bb, que \u00e9s inclement. [&#8230;]\n<p>La recuperaci\u00f3 de les formes d&#8217;expressi\u00f3 tradicionals, altrament, necess\u00e0ria, doncs, t\u00e9 tamb\u00e9 una conseq\u00fc\u00e8ncia no desitjada si no es fa de manera estrat\u00e8gica i amb uns objectius clars. La projecci\u00f3 en els continguts d&#8217;una visi\u00f3 antropol\u00f2gica com a base de la recuperaci\u00f3 d&#8217;un context social portador d&#8217;uns valors neorurals \u00e9s altament alienadora. El problema no \u00e9s el discurs de la tradici\u00f3, \u00e9s m\u00e9s a\u00efna la transversalitat de l&#8217;essencialisme com a aparador \u00fanic de la manifestaci\u00f3 cultural pr\u00f2pia, i aix\u00f2 es recull a trav\u00e9s de les tries ling\u00fc\u00edstiques. El resultat pot esdevenir, com he dit ad\u00e9s, pervers. El tradicionalisme, amb la bona intenci\u00f3 de recuperar formes idealitzades del passat, acaba despla\u00e7ant els parlants actuals no nom\u00e9s de l&#8217;\u00fas de la llengua, sin\u00f3 tamb\u00e9 de les representacions culturals i simb\u00f2liques que vehicula, perqu\u00e8 demana un grau elevat de pertinen\u00e7a i d&#8217;integraci\u00f3 que va m\u00e9s enll\u00e0 de les funcions comunicatives de la llengua. Hem de recordar que la funci\u00f3 b\u00e0sica d&#8217;una llengua no \u00e9s la simb\u00f2lica, i la funci\u00f3 b\u00e0sica de la llengua en els mitjans de comunicaci\u00f3 no \u00e9s la simb\u00f2lica, sin\u00f3 la funcional, l&#8217;operativa. [&#8230;]\n<p>Si el que volem \u00e9s incorporar els parlants a l&#8217;\u00fas habitual de la llengua, i en totes les circumst\u00e0ncies de comunicaci\u00f3, per una banda haurem de ser m\u00e9s flexibles i acceptar algunes modificacions en el tractament del codi, per\u00f2 no nom\u00e9s en el tractament del codi, sin\u00f3 tamb\u00e9 en el codi de les representacions simb\u00f2liques dels discursos medi\u00e0tics que es vehiculen en valenci\u00e0, com ara la relaci\u00f3 entre l&#8217;\u00fas social de la llengua i la par\u00f2dia constant, l&#8217;humor barroer, en qu\u00e8 hem constru\u00eft molts continguts. Eixa relaci\u00f3 directa, eixa connexi\u00f3 conscient entre la llengua i els discursos m\u00e9s essencialistes, m\u00e9s humor\u00edstics, m\u00e9s folkloritzants tenen efectes tamb\u00e9 sobre el model ling\u00fc\u00edstic que nosaltres hem triat. L&#8217;objectiu b\u00e0sic seria que el model de llengua consensuat no afectara els continguts medi\u00e0tics. [&#8230;] Per\u00f2 igualment \u00e9s fer veure que els continguts que s&#8217;expressen en valenci\u00e0 no han d&#8217;afectar el prestigi p\u00fablic de la llengua. [&#8230;]<\/blockquote>\n","protected":false},"excerpt":{"rendered":"<p>El Gabinet d&#8217;Assessorament Ling\u00fc\u00edstic als Mitjans de Comunicaci\u00f3 ha penjat en la xarxa el seminari impartit per Adri\u00e0 Castells Ferrando sobre \u00abConfiguraci\u00f3 del model ling\u00fc\u00edstic de la CVMC\u00bb. La iniciativa del seminari es fonamenta amb la idea seg\u00fcent: La consolidaci\u00f3 d\u2019un model ling\u00fc\u00edstic \u00e9s necess\u00e0ria per establir un consens pel que fa a les directrius [&hellip;]<\/p>\n","protected":false},"author":56,"featured_media":0,"comment_status":"open","ping_status":"open","sticky":false,"template":"","format":"standard","meta":{"footnotes":""},"categories":[537,2,528,26,27],"tags":[538,312],"class_list":["post-4401","post","type-post","status-publish","format-standard","hentry","category-a-punt","category-comunicacio","category-criteris","category-serveis-linguistics","category-sociolinguistica","tag-galmic","tag-mitjans"],"_links":{"self":[{"href":"https:\/\/www.cdlpv.org\/dtl\/wp-json\/wp\/v2\/posts\/4401","targetHints":{"allow":["GET"]}}],"collection":[{"href":"https:\/\/www.cdlpv.org\/dtl\/wp-json\/wp\/v2\/posts"}],"about":[{"href":"https:\/\/www.cdlpv.org\/dtl\/wp-json\/wp\/v2\/types\/post"}],"author":[{"embeddable":true,"href":"https:\/\/www.cdlpv.org\/dtl\/wp-json\/wp\/v2\/users\/56"}],"replies":[{"embeddable":true,"href":"https:\/\/www.cdlpv.org\/dtl\/wp-json\/wp\/v2\/comments?post=4401"}],"version-history":[{"count":7,"href":"https:\/\/www.cdlpv.org\/dtl\/wp-json\/wp\/v2\/posts\/4401\/revisions"}],"predecessor-version":[{"id":4408,"href":"https:\/\/www.cdlpv.org\/dtl\/wp-json\/wp\/v2\/posts\/4401\/revisions\/4408"}],"wp:attachment":[{"href":"https:\/\/www.cdlpv.org\/dtl\/wp-json\/wp\/v2\/media?parent=4401"}],"wp:term":[{"taxonomy":"category","embeddable":true,"href":"https:\/\/www.cdlpv.org\/dtl\/wp-json\/wp\/v2\/categories?post=4401"},{"taxonomy":"post_tag","embeddable":true,"href":"https:\/\/www.cdlpv.org\/dtl\/wp-json\/wp\/v2\/tags?post=4401"}],"curies":[{"name":"wp","href":"https:\/\/api.w.org\/{rel}","templated":true}]}}