{"id":440,"date":"2008-07-30T08:26:43","date_gmt":"2008-07-30T07:26:43","guid":{"rendered":"http:\/\/www.cdlpv.org\/dtl\/?p=440"},"modified":"2008-07-30T08:26:43","modified_gmt":"2008-07-30T07:26:43","slug":"enquesta-de-lavl-i-ajudes-a-empreses","status":"publish","type":"post","link":"https:\/\/www.cdlpv.org\/dtl\/2008\/07\/30\/enquesta-de-lavl-i-ajudes-a-empreses\/","title":{"rendered":"Enquesta de l&#8217;AVL i ajudes a empreses"},"content":{"rendered":"<p>El <span class=\"versaleta\">cidaj<\/span> ens envia la informaci\u00f3 seg\u00fcent:<\/p>\n<blockquote>\n<ul>\n<li>Acad\u00e8mia Valenciana de la Llengua. Procediment obert 1\/2008. Servicis d&#8217;enquesta sobre l&#8217;\u00fas del valenci\u00e0 en les universitats p\u00fabliques valencianes. [2008\/9062] (<span class=\"versaleta\">docv<\/span> n\u00fam. 5.812, de 23.07.2008)<br \/>\n<a href=\"http:\/\/www.pre.gva.es\/L\/BASIS\/BDLGVPU\/WEB\/LEV_LISTADOS_TEXTO\/DDW?W%3DSIGNATURA_N=8904+AND+SIGNATURA_A=2008%26R%3DN\" target=\"_blank\">&#8211; vegeu text<\/a>\n<\/li>\n<li>RESOLUCI\u00d3 d&#8217;11 de juliol de 2008, de la secret\u00e0ria auton\u00f2mica d&#8217;Educaci\u00f3, per la qual es concedixen ajudes econ\u00f2miques per les empreses, comer\u00e7os i ind\u00fastries, radicades en la Comunitat Valenciana, per a la realitzaci\u00f3 d&#8217;activitats de promoci\u00f3 de l&#8217;\u00fas del valenci\u00e0 en 2008. [2008\/8981] (<span class=\"versaleta\">docv<\/span> n\u00fam. 5.814, de 25.07.2008)<br \/>\n<a href=\"http:\/\/www.pre.gva.es\/L\/BASIS\/BDLGVPU\/WEB\/LEV_LISTADOS_TEXTO\/DDW?W%3DSIGNATURA_N=9018+AND+SIGNATURA_A=2008%26R%3DN\" target=\"_blank\">&#8211; vegeu text<\/a>\n<\/li>\n<\/ul>\n<\/blockquote>\n","protected":false},"excerpt":{"rendered":"<p>El cidaj ens envia la informaci\u00f3 seg\u00fcent: Acad\u00e8mia Valenciana de la Llengua. Procediment obert 1\/2008. Servicis d&#8217;enquesta sobre l&#8217;\u00fas del valenci\u00e0 en les universitats p\u00fabliques valencianes. [2008\/9062] (docv n\u00fam. 5.812, de 23.07.2008) &#8211; vegeu text RESOLUCI\u00d3 d&#8217;11 de juliol de 2008, de la secret\u00e0ria auton\u00f2mica d&#8217;Educaci\u00f3, per la qual es concedixen ajudes econ\u00f2miques per les [&hellip;]<\/p>\n","protected":false},"author":2,"featured_media":0,"comment_status":"open","ping_status":"open","sticky":false,"template":"","format":"standard","meta":{"footnotes":""},"categories":[38,1,28],"tags":[174,177,500],"class_list":["post-440","post","type-post","status-publish","format-standard","hentry","category-avl","category-general","category-subvencions","tag-empreses","tag-enquestes","tag-universitats"],"_links":{"self":[{"href":"https:\/\/www.cdlpv.org\/dtl\/wp-json\/wp\/v2\/posts\/440","targetHints":{"allow":["GET"]}}],"collection":[{"href":"https:\/\/www.cdlpv.org\/dtl\/wp-json\/wp\/v2\/posts"}],"about":[{"href":"https:\/\/www.cdlpv.org\/dtl\/wp-json\/wp\/v2\/types\/post"}],"author":[{"embeddable":true,"href":"https:\/\/www.cdlpv.org\/dtl\/wp-json\/wp\/v2\/users\/2"}],"replies":[{"embeddable":true,"href":"https:\/\/www.cdlpv.org\/dtl\/wp-json\/wp\/v2\/comments?post=440"}],"version-history":[{"count":0,"href":"https:\/\/www.cdlpv.org\/dtl\/wp-json\/wp\/v2\/posts\/440\/revisions"}],"wp:attachment":[{"href":"https:\/\/www.cdlpv.org\/dtl\/wp-json\/wp\/v2\/media?parent=440"}],"wp:term":[{"taxonomy":"category","embeddable":true,"href":"https:\/\/www.cdlpv.org\/dtl\/wp-json\/wp\/v2\/categories?post=440"},{"taxonomy":"post_tag","embeddable":true,"href":"https:\/\/www.cdlpv.org\/dtl\/wp-json\/wp\/v2\/tags?post=440"}],"curies":[{"name":"wp","href":"https:\/\/api.w.org\/{rel}","templated":true}]}}