{"id":44,"date":"2007-03-21T08:59:15","date_gmt":"2007-03-21T07:59:15","guid":{"rendered":"http:\/\/www.cdlpv.org\/dtl\/?p=44"},"modified":"2007-03-21T08:59:15","modified_gmt":"2007-03-21T07:59:15","slug":"jqcv","status":"publish","type":"post","link":"https:\/\/www.cdlpv.org\/dtl\/2007\/03\/21\/jqcv\/","title":{"rendered":"Proves i carta de serveis de la JQCV"},"content":{"rendered":"<p>RESOLUCI\u00d3 de 26 de febrer de 2007, de la Secretaria Auton\u00f2mica de Cultura i Pol\u00edtica Ling\u00fc\u00edstica, per la qual es convoquen les proves per a l&#8217;obtenci\u00f3 dels certificats oficials administratius de coneixements de valenci\u00e0 i es nomenen les comissions examinadores. [2007\/3114] (DOCV n\u00fam. 5472, de 16.03.2007)<br \/>\n<br \/>&#8211; <a href=\"http:\/\/www.pre.gva.es\/L\/BASIS\/BDLGVPU\/WEB\/LEV_LISTADOS_TEXTO\/DDW?W%3DSIGNATURA_N=3591+AND+SIGNATURA_A=2007%26R%3DN\" target=\"_blank\">vegeu text<\/a><\/p>\n<p>ORDE de 8 de febrer de 2007, de la Conselleria de Cultura, Educaci\u00f3 i Esport, per la qual s&#8217;aprova la Carta de Servicis de la Junta Qualificadora de Coneixements de Valenci\u00e0. [2007\/3274] (DOCV n\u00fam. 5472, de 16.03.2007)<br \/>\n<br \/>&#8211; <a href=\"http:\/\/www.pre.gva.es\/L\/BASIS\/BDLGVPU\/WEB\/LEV_LISTADOS_TEXTO\/DDW?W%3DSIGNATURA_N=3588+AND+SIGNATURA_A=2007%26R%3DN\" target=\"_blank\">vegeu text<\/a><\/p>\n","protected":false},"excerpt":{"rendered":"<p>RESOLUCI\u00d3 de 26 de febrer de 2007, de la Secretaria Auton\u00f2mica de Cultura i Pol\u00edtica Ling\u00fc\u00edstica, per la qual es convoquen les proves per a l&#8217;obtenci\u00f3 dels certificats oficials administratius de coneixements de valenci\u00e0 i es nomenen les comissions examinadores. [2007\/3114] (DOCV n\u00fam. 5472, de 16.03.2007) &#8211; vegeu text ORDE de 8 de febrer de [&hellip;]<\/p>\n","protected":false},"author":2,"featured_media":0,"comment_status":"open","ping_status":"open","sticky":false,"template":"","format":"standard","meta":{"footnotes":""},"categories":[1,47,19],"tags":[],"class_list":["post-44","post","type-post","status-publish","format-standard","hentry","category-general","category-planificacio","category-politica"],"_links":{"self":[{"href":"https:\/\/www.cdlpv.org\/dtl\/wp-json\/wp\/v2\/posts\/44","targetHints":{"allow":["GET"]}}],"collection":[{"href":"https:\/\/www.cdlpv.org\/dtl\/wp-json\/wp\/v2\/posts"}],"about":[{"href":"https:\/\/www.cdlpv.org\/dtl\/wp-json\/wp\/v2\/types\/post"}],"author":[{"embeddable":true,"href":"https:\/\/www.cdlpv.org\/dtl\/wp-json\/wp\/v2\/users\/2"}],"replies":[{"embeddable":true,"href":"https:\/\/www.cdlpv.org\/dtl\/wp-json\/wp\/v2\/comments?post=44"}],"version-history":[{"count":0,"href":"https:\/\/www.cdlpv.org\/dtl\/wp-json\/wp\/v2\/posts\/44\/revisions"}],"wp:attachment":[{"href":"https:\/\/www.cdlpv.org\/dtl\/wp-json\/wp\/v2\/media?parent=44"}],"wp:term":[{"taxonomy":"category","embeddable":true,"href":"https:\/\/www.cdlpv.org\/dtl\/wp-json\/wp\/v2\/categories?post=44"},{"taxonomy":"post_tag","embeddable":true,"href":"https:\/\/www.cdlpv.org\/dtl\/wp-json\/wp\/v2\/tags?post=44"}],"curies":[{"name":"wp","href":"https:\/\/api.w.org\/{rel}","templated":true}]}}