{"id":4392,"date":"2023-02-25T08:30:33","date_gmt":"2023-02-25T06:30:33","guid":{"rendered":"https:\/\/www.cdlpv.org\/dtl\/?p=4392"},"modified":"2023-02-24T14:52:54","modified_gmt":"2023-02-24T12:52:54","slug":"lactualitat-previsible-sobre-lus-de-la-llengua","status":"publish","type":"post","link":"https:\/\/www.cdlpv.org\/dtl\/2023\/02\/25\/lactualitat-previsible-sobre-lus-de-la-llengua\/","title":{"rendered":"L&#8217;actualitat previsible sobre l&#8217;\u00fas de la llengua"},"content":{"rendered":"<p>Algun dia faran el balan\u00e7 com toca de la gesti\u00f3 i la pol\u00edtica ling\u00fc\u00edstiques del govern actual \u2014el Bot\u00e0nic, que en diuen\u2014, si \u00e9s que aix\u00f2 dels balan\u00e7os i les fiscalitzacions arriba per ac\u00ed a alguna cosa m\u00e9s que a les flage\u0140lacions i plors processionals. Aleshores es comprovar\u00e0 si es certa la percepci\u00f3 que en alguns \u00e0mbits de les conselleries hi havia m\u00e9s afany de control i poder personal que inter\u00e9s aconseguir objectius pol\u00edtics \u00fatils relacionats amb l&#8217;increment de l&#8217;\u00fas ling\u00fc\u00edstic i del compliment als drets ling\u00fc\u00edstics dels valencians.<\/p>\n<p>Les concordances i les discordances entre les propostes i les actuacions es poden anar resseguint a c\u00f2pia d&#8217;una de les poques fonts d&#8217;informaci\u00f3 que permeten estar al cas de l&#8217;actualitat passada, de l&#8217;actualitat present i de la previsible, el <em>Diari La Veu<\/em>. El balan\u00e7 est\u00e0 per fer, per\u00f2 l&#8217;actualitat continua fent cam\u00ed:<\/p>\n<ul>\n<li>10.07.2020: \u00abPropostes d&#8217;\u00fas ling\u00fc\u00edstic despr\u00e9s de dir \u201cBon dia\u201d\u00bb <a href=\"https:\/\/www.diarilaveu.cat\/noticia\/2198\/propostes-dus-linguistic-despres-de-dir-bon-dia\" target=\"_blank\" rel=\"noopener\" aria-label=\"Enlla\u00e7 a l'article\">&#x1f517;<\/a><\/li>\n<li>26.11.2021: \u00abEl Suprem desactiva l&#8217;Oficina de Drets Ling\u00fc\u00edstics del Pa\u00eds Valenci\u00e0\u00bb <a href=\"https:\/\/www.diarilaveu.cat\/noticia\/5205\/el-suprem-desactiva-loficina-de-drets-linguistics-del-pais-valencia\" target=\"_blank\" rel=\"noopener\" aria-label=\"Enlla\u00e7 a l'article\">&#x1f517;<\/a><\/li>\n<li>07.10.2022: \u00abLa conducta ling\u00fc\u00edstica dels pol\u00edtics ling\u00fc\u00edstics\u00bb <a href=\"https:\/\/www.diarilaveu.cat\/opinio\/10090\/la-conducta-linguistica-dels-politics-linguistics-1\" target=\"_blank\" rel=\"noopener\" aria-label=\"Enlla\u00e7 a l'article\">&#x1f517;<\/a><\/li>\n<li>28.11.2022: \u00abLa Generalitat exigir\u00e0 la compet\u00e8ncia ling\u00fc\u00edstica en valenci\u00e0 per a accedir a la funci\u00f3 p\u00fablica\u00bb <a href=\"https:\/\/www.diarilaveu.cat\/noticia\/11361\/la-generalitat-exigira-la-competencia-linguistica-en-valencia-per-a-accedir-a-la-funcio-pu\" target=\"_blank\" rel=\"noopener\" aria-label=\"Enlla\u00e7 a l'article\">&#x1f517;<\/a><\/li>\n<li>01.12.2022: \u00abHi haur\u00e0 un requisit legal, per\u00f2 de facto no\u00bb <a href=\"https:\/\/www.diarilaveu.cat\/entrevista\/11419\/entrevista-alfons-esteve\" target=\"_blank\" rel=\"noopener\" aria-label=\"Enlla\u00e7 a l'article\">&#x1f517;<\/a><\/li>\n<li>13.02.2023: \u00abLlancen un manifest perqu\u00e8 l\u2019Estat espanyol permeta l\u2019oficialitat del catal\u00e0 a la UE\u00bb <a href=\"https:\/\/www.diarilaveu.cat\/noticia\/13016\/llancen-un-manifest-perque-lestat-espanyol-permeta-loficialitat-del-catala-a-la-ue\" target=\"_blank\" rel=\"noopener\" aria-label=\"Enlla\u00e7 a l'article\">&#x1f517;<\/a><\/li>\n<li>13.02.2023: \u00abInternet \u00e9s l\u2019\u00e0mbit en qu\u00e8 els valencians m\u00e9s utilitzen la llengua pr\u00f2pia\u00bb <a href=\"https:\/\/www.diarilaveu.cat\/noticia\/12883\/internet-es-lambit-en-que-els-valencians-mes-utilitzen-la-llengua-propia\" target=\"_blank\" rel=\"noopener\" aria-label=\"Enlla\u00e7 a l'article\">&#x1f517;<\/a><\/li>\n<li>14.02.2023: \u00abEscola Valenciana impulsa el Voluntariat pel Valenci\u00e0 a dotze instituts\u00bb <a href=\"https:\/\/www.diarilaveu.cat\/noticia\/13052\/escola-valenciana-impulsa-el-voluntariat-pel-valencia-a-dotze-instituts\" target=\"_blank\" rel=\"noopener\" aria-label=\"Enlla\u00e7 a l'article\">&#x1f517;<\/a><\/li>\n<li>18.02.2023: \u00abXe, en valenci\u00e0, xe! (que sou \u00c0 punt, r\u00e0dio i televisi\u00f3)\u00bb <a href=\"https:\/\/www.diarilaveu.cat\/opinio\/13107\/xe-en-valencia-xe-que-sou-a-punt-radio-i-televisio\" target=\"_blank\" rel=\"noopener\" aria-label=\"Enlla\u00e7 a l'article\">&#x1f517;<\/a><\/li>\n<li>16.02.2023: \u00abAcci\u00f3 Cultural col\u00b7laborar\u00e0 amb l\u2019Oficina de Drets Ling\u00fc\u00edstics de la Generalitat\u00bb <a href=\"https:\/\/www.diarilaveu.cat\/noticia\/13120\/accio-cultural-collaborara-amb-loficina-de-drets-linguistics-de-la-generalitat\" target=\"_blank\" rel=\"noopener\" aria-label=\"Enlla\u00e7 a l'article\">&#x1f517;<\/a><\/li>\n<li>16.02.2023: \u00abLa Xarxa Vives demana incloure el catal\u00e0 en la plataforma d\u2019aprenentatge de lleng\u00fces d\u2019Erasmus+\u00bb <a href=\"https:\/\/www.diarilaveu.cat\/noticia\/13125\/la-xarxa-vives-demana-incloure-el-catala-en-la-plataforma-daprenentatge-de-llengues-derasm\" target=\"_blank\" rel=\"noopener\" aria-label=\"Enlla\u00e7 a l'article\">&#x1f517;<\/a><\/li>\n<li>21.02.2023: \u00abNaix <em>Apunts de Llengua<\/em>, una plataforma per a aprendre valenci\u00e0 a trav\u00e9s dels materials d\u2019\u00c0 Punt\u00bb <a href=\"https:\/\/www.diarilaveu.cat\/noticia\/13230\/naix-apunts-de-llengua-una-plataforma-per-a-aprendre-valencia-a-traves-dels-materials-da-p\" target=\"_blank\" rel=\"noopener\" aria-label=\"Enlla\u00e7 a l'article\">&#x1f517;<\/a><\/li>\n<li>21.02.2023: \u00abEn la meua setmana de la Llengua Materna: 20 anys ensenyant valenci\u00e0\u00bb <a href=\"https:\/\/www.diarilaveu.cat\/opinio\/13188\/en-la-meua-setmana-de-la-llengua-materna-20-anys-ensenyant-valencia\" target=\"_blank\" rel=\"noopener\" aria-label=\"Enlla\u00e7 a l'article\">&#x1f517;<\/a><\/li>\n<\/ul>\n<p>Despr\u00e9s de la desfeta legal del 2021 de l&#8217;Oficina de Drets Ling\u00fc\u00edstics regulada al 2017, la Llei 8\/2022 la va tornar a activar amb una regulaci\u00f3 diferent que caldr\u00e0 comprovar fins a on arriba. Pel que fa a la resta de reivindicacions relacionades amb els drets i els \u00e0mbits d&#8217;\u00fas de la llengua, podr\u00edem mirar documents dels anys huitanta i noranta del segle passat per a comprovar fins a quin punt les necessitats i exig\u00e8ncies continuen pegant-los voltes als mateixos punts, tots relacionats amb una regulaci\u00f3 i limitaci\u00f3 dels privilegis d&#8217;imposici\u00f3 de l&#8217;\u00fas del castell\u00e0. El problema per al valenci\u00e0 no \u00e9s que se&#8217;n fomente l&#8217;\u00fas, sin\u00f3 que eixe foment nom\u00e9s \u00e9s perm\u00e9s mentres no entre en conflicte ni devalue la pol\u00edtica nacional-espanyolista d&#8217;imposici\u00f3 de l&#8217;\u00fas del castell\u00e0.<\/p>\n<p>Pel que fa a l&#8217;ensenyament, la mala gesti\u00f3, la descontextualitzaci\u00f3 de les necessitats o l&#8217;assignaturitzaci\u00f3, serien un mal menor, si l&#8217;entorn socioling\u00fc\u00edstic fora prou potent per a permetre assimilar el valenci\u00e0 en l&#8217;\u00fas quotidi\u00e0, i amb unes pautes d&#8217;\u00fas saludables i democr\u00e0tiques. Per\u00f2 sense atendre si es dona o no eixe context en cada poblaci\u00f3, l&#8217;educaci\u00f3 s&#8217;havia convertit en el cresol general des d&#8217;on s&#8217;havia d&#8217;irradiar l&#8217;\u00fas i la qualitat de l&#8217;\u00fas. I aix\u00f2 ja es sabia i s&#8217;ha vist que era un erro de comptes, ja que les lleng\u00fces oficials de les nostres societats no s&#8217;aprenen en el sistema educatiu: s&#8217;aprenen a casa, en els mitjans, en la necessitat quotidiana d&#8217;atendre, d&#8217;entendre i de fer-se entendre. I el que \u00e9s m\u00e9s evident i lamentable: en la milit\u00e0ncia, l&#8217;exig\u00e8ncia i la reclamaci\u00f3, en el cas del valenci\u00e0.<\/p>\n<p>Per\u00f2 ara este govern <em>suposadament<\/em> interessat per l&#8217;extensi\u00f3 de l&#8217;\u00fas de la llengua, per\u00f2 que encara no ha segut capa\u00e7 de normalitzar l&#8217;\u00fas del valenci\u00e0 en la seua paperassa ni en els seus webs, pret\u00e9n que els j\u00f3vens <em>suposadament<\/em> educats en valenci\u00e0 obtinguen un reconeiximent d&#8217;un nivell que no tenen per a l&#8217;\u00fas d&#8217;una llengua que la mateixa administraci\u00f3 que reconeix fraudulentament eixe nivell sap que no demanar\u00e0 que facen \u00fas d&#8217;eixa llengua, sin\u00f3 del castell\u00e0 imposat en tots els \u00e0mbits i per tots els mitjans. Al cap i a la fi, pareix clar que els programes de traducci\u00f3 autom\u00e0tica es van crear per a aix\u00f2, per a poder fingir que l&#8217;administraci\u00f3 funciona en valenci\u00e0.<\/p>\n","protected":false},"excerpt":{"rendered":"<p>Algun dia faran el balan\u00e7 com toca de la gesti\u00f3 i la pol\u00edtica ling\u00fc\u00edstiques del govern actual \u2014el Bot\u00e0nic, que en diuen\u2014, si \u00e9s que aix\u00f2 dels balan\u00e7os i les fiscalitzacions arriba per ac\u00ed a alguna cosa m\u00e9s que a les flage\u0140lacions i plors processionals. Aleshores es comprovar\u00e0 si es certa la percepci\u00f3 que en [&hellip;]<\/p>\n","protected":false},"author":56,"featured_media":0,"comment_status":"open","ping_status":"open","sticky":false,"template":"","format":"standard","meta":{"footnotes":""},"categories":[4,45,8,47,19,24,27,33,35],"tags":[536,312],"class_list":["post-4392","post","type-post","status-publish","format-standard","hentry","category-dret","category-ensenyament","category-etiquetatge-empreses","category-planificacio","category-politica","category-requisit-linguistic","category-sociolinguistica","category-ts","category-unio-europea","tag-diari-la-veu","tag-mitjans"],"_links":{"self":[{"href":"https:\/\/www.cdlpv.org\/dtl\/wp-json\/wp\/v2\/posts\/4392","targetHints":{"allow":["GET"]}}],"collection":[{"href":"https:\/\/www.cdlpv.org\/dtl\/wp-json\/wp\/v2\/posts"}],"about":[{"href":"https:\/\/www.cdlpv.org\/dtl\/wp-json\/wp\/v2\/types\/post"}],"author":[{"embeddable":true,"href":"https:\/\/www.cdlpv.org\/dtl\/wp-json\/wp\/v2\/users\/56"}],"replies":[{"embeddable":true,"href":"https:\/\/www.cdlpv.org\/dtl\/wp-json\/wp\/v2\/comments?post=4392"}],"version-history":[{"count":6,"href":"https:\/\/www.cdlpv.org\/dtl\/wp-json\/wp\/v2\/posts\/4392\/revisions"}],"predecessor-version":[{"id":4399,"href":"https:\/\/www.cdlpv.org\/dtl\/wp-json\/wp\/v2\/posts\/4392\/revisions\/4399"}],"wp:attachment":[{"href":"https:\/\/www.cdlpv.org\/dtl\/wp-json\/wp\/v2\/media?parent=4392"}],"wp:term":[{"taxonomy":"category","embeddable":true,"href":"https:\/\/www.cdlpv.org\/dtl\/wp-json\/wp\/v2\/categories?post=4392"},{"taxonomy":"post_tag","embeddable":true,"href":"https:\/\/www.cdlpv.org\/dtl\/wp-json\/wp\/v2\/tags?post=4392"}],"curies":[{"name":"wp","href":"https:\/\/api.w.org\/{rel}","templated":true}]}}