{"id":439,"date":"2008-07-25T11:24:30","date_gmt":"2008-07-25T10:24:30","guid":{"rendered":"http:\/\/www.cdlpv.org\/dtl\/?p=439"},"modified":"2008-07-25T11:24:30","modified_gmt":"2008-07-25T10:24:30","slug":"ofertes-laborals-en-lupc-i-liec","status":"publish","type":"post","link":"https:\/\/www.cdlpv.org\/dtl\/2008\/07\/25\/ofertes-laborals-en-lupc-i-liec\/","title":{"rendered":"Ofertes laborals en l&#8217;UPC i l&#8217;IEC"},"content":{"rendered":"<p>Xavier Rull ens informa a trav\u00e9s d&#8217;Infoz\u00e8fir de les ofertes laborals seg\u00fcents:<\/p>\n<blockquote>\n<li>Es convoca una pla\u00e7a de t\u00e8cnic\/a a mitja jornada, amb car\u00e0cter temporal, per a l&#8217;\u00e0rea de formaci\u00f3 ling\u00fc\u00edstica del Servei de Lleng\u00fces i Terminologia de la Universitat Polit\u00e8cnica de Catalunya.\n<p>Funci\u00f3 principal: formaci\u00f3 en llengua catalana i habilitats comunicatives, tant presencialment com a dist\u00e0ncia per mitj\u00e0 de la plataforma de la Universitat.<\/p>\n<p>Els detalls de la pla\u00e7a es poden trobar <a href=\"http:\/\/www.upc.edu\/concursos\/pas_lab\/temporal\/2235-2008\/640-22\/fitxa.htm\" target=\"_blank\">ac\u00ed<\/a>.<\/p>\n<p>El termini de presentaci\u00f3 de sol\u00b7licituds \u00e9s el 5 de setembre de 2008.<\/p>\n<p>Font: Servei de Lleng\u00fces i Terminologia <span class=\"versaleta\">(upc)<\/a>\n<\/li>\n<li>\nOferta de feina: l&#8217;Institut d&#8217;Estudis Catalans cerca corrector.<\/p>\n<p>Bases en <a href=\"http:\/\/www.iec.cat\/gc\/digitalAssets\/12787_CorrectorJuliol08.pdf\" target=\"_blank\"><span class=\"versaleta\">[pdf]<\/span><\/a>\n<\/li>\n<\/blockquote>\n","protected":false},"excerpt":{"rendered":"<p>Xavier Rull ens informa a trav\u00e9s d&#8217;Infoz\u00e8fir de les ofertes laborals seg\u00fcents: Es convoca una pla\u00e7a de t\u00e8cnic\/a a mitja jornada, amb car\u00e0cter temporal, per a l&#8217;\u00e0rea de formaci\u00f3 ling\u00fc\u00edstica del Servei de Lleng\u00fces i Terminologia de la Universitat Polit\u00e8cnica de Catalunya. Funci\u00f3 principal: formaci\u00f3 en llengua catalana i habilitats comunicatives, tant presencialment com a [&hellip;]<\/p>\n","protected":false},"author":2,"featured_media":0,"comment_status":"open","ping_status":"open","sticky":false,"template":"","format":"standard","meta":{"footnotes":""},"categories":[43,1,46,15],"tags":[334,500,502],"class_list":["post-439","post","type-post","status-publish","format-standard","hentry","category-concursos","category-general","category-iec","category-laboral","tag-ofertes","tag-universitats","tag-upc"],"_links":{"self":[{"href":"https:\/\/www.cdlpv.org\/dtl\/wp-json\/wp\/v2\/posts\/439","targetHints":{"allow":["GET"]}}],"collection":[{"href":"https:\/\/www.cdlpv.org\/dtl\/wp-json\/wp\/v2\/posts"}],"about":[{"href":"https:\/\/www.cdlpv.org\/dtl\/wp-json\/wp\/v2\/types\/post"}],"author":[{"embeddable":true,"href":"https:\/\/www.cdlpv.org\/dtl\/wp-json\/wp\/v2\/users\/2"}],"replies":[{"embeddable":true,"href":"https:\/\/www.cdlpv.org\/dtl\/wp-json\/wp\/v2\/comments?post=439"}],"version-history":[{"count":0,"href":"https:\/\/www.cdlpv.org\/dtl\/wp-json\/wp\/v2\/posts\/439\/revisions"}],"wp:attachment":[{"href":"https:\/\/www.cdlpv.org\/dtl\/wp-json\/wp\/v2\/media?parent=439"}],"wp:term":[{"taxonomy":"category","embeddable":true,"href":"https:\/\/www.cdlpv.org\/dtl\/wp-json\/wp\/v2\/categories?post=439"},{"taxonomy":"post_tag","embeddable":true,"href":"https:\/\/www.cdlpv.org\/dtl\/wp-json\/wp\/v2\/tags?post=439"}],"curies":[{"name":"wp","href":"https:\/\/api.w.org\/{rel}","templated":true}]}}