{"id":4377,"date":"2023-01-05T20:30:55","date_gmt":"2023-01-05T18:30:55","guid":{"rendered":"https:\/\/www.cdlpv.org\/dtl\/?p=4377"},"modified":"2023-01-04T14:44:02","modified_gmt":"2023-01-04T12:44:02","slug":"denominacions-oficials-la-mata-de-morella","status":"publish","type":"post","link":"https:\/\/www.cdlpv.org\/dtl\/2023\/01\/05\/denominacions-oficials-la-mata-de-morella\/","title":{"rendered":"Denominacions oficials: la Mata de Morella"},"content":{"rendered":"<p>El municipi de la Mata de Morella <a href=\"https:\/\/ca.wikipedia.org\/wiki\/La_Mata\" target=\"_blank\" rel=\"noopener\"><i class=\"fas fa-external-link-alt\"><\/i><\/a> va intentar canviar el seu nom oficial el 18 de maig de 1992, canvi que la Generalitat valenciana va aprovar amb el Decret 231\/1992. <a href=\"https:\/\/dogv.gva.es\/datos\/1993\/01\/13\/pdf\/1993_826865.pdf\" target=\"_blank\" rel=\"noopener\"><i class=\"fas fa-file-pdf\"><\/i><\/a><\/p>\n<p>Dissortadament, la legislaci\u00f3 estatal va impedir oficialitzar eixe canvi de nom. L\u2019exist\u00e8ncia de la denominaci\u00f3 oficial hom\u00f2nima d\u2019un municipi toled\u00e0 (La Mata) <a href=\"https:\/\/ca.wikipedia.org\/wiki\/La_Mata_(Toledo)\" target=\"_blank\" rel=\"noopener\"><i class=\"fas fa-external-link-alt\"><\/i><\/a> ha fet que la modificaci\u00f3 no s&#8217;arribe a publicar en el <span class=\"versaleta\"><em>boe<\/em><\/span> i que tampoc siga incorporada al Registre d\u2019Entitats Locals (veg. una nota de l\u2019<span class=\"versaleta\">avl<\/span> sobre la q\u00fcesti\u00f3). <a href=\"https:\/\/www.avl.gva.es\/web\/publicacions\/noms-dels-municipis-valencians\" target=\"_blank\" rel=\"noopener\"><i class=\"fas fa-external-link-alt\"><\/i><\/a><\/p>\n","protected":false},"excerpt":{"rendered":"<p>El municipi de la Mata de Morella va intentar canviar el seu nom oficial el 18 de maig de 1992, canvi que la Generalitat valenciana va aprovar amb el Decret 231\/1992. Dissortadament, la legislaci\u00f3 estatal va impedir oficialitzar eixe canvi de nom. L\u2019exist\u00e8ncia de la denominaci\u00f3 oficial hom\u00f2nima d\u2019un municipi toled\u00e0 (La Mata) ha fet [&hellip;]<\/p>\n","protected":false},"author":56,"featured_media":0,"comment_status":"open","ping_status":"open","sticky":false,"template":"","format":"standard","meta":{"footnotes":""},"categories":[32],"tags":[50],"class_list":["post-4377","post","type-post","status-publish","format-standard","hentry","category-toponimia","tag-administracio-local"],"_links":{"self":[{"href":"https:\/\/www.cdlpv.org\/dtl\/wp-json\/wp\/v2\/posts\/4377","targetHints":{"allow":["GET"]}}],"collection":[{"href":"https:\/\/www.cdlpv.org\/dtl\/wp-json\/wp\/v2\/posts"}],"about":[{"href":"https:\/\/www.cdlpv.org\/dtl\/wp-json\/wp\/v2\/types\/post"}],"author":[{"embeddable":true,"href":"https:\/\/www.cdlpv.org\/dtl\/wp-json\/wp\/v2\/users\/56"}],"replies":[{"embeddable":true,"href":"https:\/\/www.cdlpv.org\/dtl\/wp-json\/wp\/v2\/comments?post=4377"}],"version-history":[{"count":5,"href":"https:\/\/www.cdlpv.org\/dtl\/wp-json\/wp\/v2\/posts\/4377\/revisions"}],"predecessor-version":[{"id":4382,"href":"https:\/\/www.cdlpv.org\/dtl\/wp-json\/wp\/v2\/posts\/4377\/revisions\/4382"}],"wp:attachment":[{"href":"https:\/\/www.cdlpv.org\/dtl\/wp-json\/wp\/v2\/media?parent=4377"}],"wp:term":[{"taxonomy":"category","embeddable":true,"href":"https:\/\/www.cdlpv.org\/dtl\/wp-json\/wp\/v2\/categories?post=4377"},{"taxonomy":"post_tag","embeddable":true,"href":"https:\/\/www.cdlpv.org\/dtl\/wp-json\/wp\/v2\/tags?post=4377"}],"curies":[{"name":"wp","href":"https:\/\/api.w.org\/{rel}","templated":true}]}}