{"id":4371,"date":"2023-01-09T20:30:37","date_gmt":"2023-01-09T18:30:37","guid":{"rendered":"https:\/\/www.cdlpv.org\/dtl\/?p=4371"},"modified":"2023-02-24T13:50:57","modified_gmt":"2023-02-24T11:50:57","slug":"la-nova-regulacio-de-loficina-de-drets-linguistics","status":"publish","type":"post","link":"https:\/\/www.cdlpv.org\/dtl\/2023\/01\/09\/la-nova-regulacio-de-loficina-de-drets-linguistics\/","title":{"rendered":"La nova regulaci\u00f3 de l&#8217;Oficina de Drets Ling\u00fc\u00edstics de la Generalitat valenciana"},"content":{"rendered":"<p>La Llei 8\/2022 (art. 136) <a href=\"https:\/\/dogv.gva.es\/datos\/2022\/12\/30\/pdf\/2022_12993.pdf\" target=\"_blank\" rel=\"noopener\"><i class=\"fas fa-file-pdf\"><\/i><\/a> de la Generalitat valenciana ha aprovat la regulaci\u00f3 de l&#8217;Oficina de Drets Ling\u00fc\u00edstics de la Generalitat Valenciana (<span class=\"versaleta\">odl<\/span>):<\/p>\n<blockquote><p>Es regula el funcionament de l\u2019Oficina de Drets Ling\u00fc\u00edstics de la Generalitat Valenciana (<span class=\"versaleta\">odl<\/span>), <a href=\"https:\/\/ceice.gva.es\/va\/web\/dgplgm\/odl\" target=\"_blank\" rel=\"noopener\"><i class=\"fas fa-external-link-alt\"><\/i><\/a> adscrita a la Conselleria d\u2019Educaci\u00f3, Cultura i Esport, com a \u00f2rgan administratiu al qual els ciutadans poden dirigir-se quan consideren vulnerats els seus drets ling\u00fc\u00edstics.<\/p><\/blockquote>\n<p>Fins ara el funcionament d&#8217;eixa oficina s&#8217;havia regulat en el Decret 187\/2017 <a href=\"https:\/\/dogv.gva.es\/datos\/2017\/12\/18\/pdf\/2017_11479.pdf\" target=\"_blank\" rel=\"noopener\"><i class=\"fas fa-file-pdf\"><\/i><\/a> i l&#8217;oficina no havia acabat d&#8217;arrancar, tal com mostra el fet que nom\u00e9s haja publicat una mem\u00f2ria d&#8217;activitat (2018) <a href=\"https:\/\/ceice.gva.es\/documents\/161863132\/165089306\/MemODL\/ce2a8093-9d8c-4421-8833-11a571fcad64\" target=\"_blank\" rel=\"noopener\"><i class=\"fas fa-file-pdf\"><\/i><\/a>, mem\u00f2ria que oferix unes dades dif\u00edcils d&#8217;interpretar:<\/p>\n<blockquote><p>Durant l\u2019any 2018, l\u2019Oficina de Drets Ling\u00fc\u00edstics ha rebut 87 so\u0140licituds, de les quals 31 han sigut reclamacions (36 %); 53, suggeriments (60,7 %), i 3, consultes (3,4 %). [&#8230;] Del total de les 87 so\u0140licituds, 10 (11,5 %) s\u2019han presentat emprant el castell\u00e0 i 77 (88,5 %) el valenci\u00e0. [&#8230;] La difer\u00e8ncia \u00e9s aclaparadora, la majoria de les so\u0140licituds es presenten per persones<br \/>\nvalencianoparlants que consideren que s\u2019han vulnerat els seus drets ling\u00fc\u00edstics.<\/p><\/blockquote>\n<p>Sembla que el nombre \u00e9s molt coincident amb les queixes ateses pel S\u00edndic de Greuges l&#8217;any 2018: 83, segons indica la mem\u00f2ria d&#8217;eixa instituci\u00f3. <a href=\"https:\/\/www.elsindic.com\/wp-content\/uploads\/2020\/01\/informe_anual-2018_valencia.pdf\" target=\"_blank\" rel=\"noopener\"><i class=\"fas fa-file-pdf\"><\/i><\/a> Com a curiositat, podem llegir que la primera queixa comentada pel s\u00edndic \u00e9s una queixa ciutadana contra una actuaci\u00f3 de l&#8217;<span class=\"versaleta\">odl<\/span>.<\/p>\n<hr \/>\n<p style=\"text-align: right;\">[Text extret del <span class=\"versaleta\"><em>dogv<\/em><\/span> 9.501, 30.12.2022] <a href=\"https:\/\/dogv.gva.es\/datos\/2022\/12\/30\/pdf\/2022_12993.pdf\" target=\"_blank\" rel=\"noopener\"><i class=\"fas fa-file-pdf\"><\/i><\/a><\/p>\n<p><strong>Article 136.<\/strong> <em>Regulaci\u00f3 del funcionament de l\u2019Oficina de Drets Lin<\/em>g\u00fc\u00edstics de la Generalitat Valenciana (<span class=\"versaleta\">odl<\/span>)<\/p>\n<p><strong><em>U. <\/em><\/strong><em> \u00c0mbit d\u2019actuaci\u00f3<\/em><\/p>\n<p>Aquesta regulaci\u00f3 \u00e9s aplicable, en els termes que preveu, a les institucions, als \u00f2rgans i a les entitats seg\u00fcents:<\/p>\n<ol>\n<li>El conjunt de la Generalitat, d\u2019acord amb la definici\u00f3 que en fa l\u2019article 20 de l\u2019Estatut d\u2019Autonomia de la Comunitat Valenciana, aix\u00ed com el seu sector p\u00fablic instrumental, que preveu l\u2019article 2.3 de la Llei 1\/2015, de 6 de febrer, de la Generalitat, d\u2019hisenda p\u00fablica, del sector p\u00fablic instrumental i de subvencions.<\/li>\n<li>Les entitats que integren l\u2019Administraci\u00f3 local i els organismesque depenen d\u2019aquesta, aix\u00ed com les universitats p\u00fabliques valencianes, en els termes que preveu l\u2019article 7.<\/li>\n<li>L\u2019Administraci\u00f3 de l\u2019Estat i els organismes que depenen d\u2019aquesta amb seu a la Comunitat Valenciana, incloent-hi l\u2019Administraci\u00f3 de just\u00edcia, aix\u00ed com les persones jur\u00eddiques de naturalesa privada, en els termes que preveu l\u2019article 7.<\/li>\n<\/ol>\n<p><strong><em>Dos.<\/em><\/strong><em> Actuacions d\u2019ofici de l\u2019Oficina de Drets Ling\u00fc\u00edstics<\/em><\/p>\n<p>Quan l\u2019Oficina de Drets Ling\u00fc\u00edstics (<span class=\"versaleta\">odl<\/span>) tinga coneixement que, presumptament, s\u2019ha produ\u00eft un fet o un esdeveniment que vulnera els drets ling\u00fc\u00edstics de la ciutadania, podr\u00e0 contactar amb l\u2019\u00f2rgan de l\u2019Administraci\u00f3, l\u2019entitat p\u00fablica o la persona jur\u00eddica privada de qu\u00e8 es tracte per a obtindre la informaci\u00f3 necess\u00e0ria i oferir aix\u00ed l\u2019assessorament que corresponga per a garantir l\u2019aplicaci\u00f3 dels drets que emparen els ciutadans i les ciutadanes en l\u2019\u00fas de les lleng\u00fces oficials.<\/p>\n<p><strong><em>Tres.<\/em><\/strong><em> Actuacions a inst\u00e0ncia de part<br \/>\n<\/em><\/p>\n<p>Qualsevol persona f\u00edsica o jur\u00eddica pot presentar una queixa, un suggeriment o una consulta per vulneraci\u00f3 dels seus drets ling\u00fc\u00edstics davant de l\u2019Oficina de Drets Ling\u00fc\u00edstics.<\/p>\n<ol>\n<li>Es consideren queixes els escrits i les comunicacions que la ciutadania presenta a l\u2019<span class=\"versaleta\">odl<\/span> per a denunciar vulneracions dels seus drets ling\u00fc\u00edstics patides en qualsevol dels \u00e0mbits d\u2019actuaci\u00f3 de l\u2019article 1 d\u2019aquesta llei.<\/li>\n<li>Es consideren suggeriments els escrits i les comunicacions que la ciutadania presenta a l\u2019<span class=\"versaleta\">odl<\/span> amb la intenci\u00f3 de contribuir a la salvaguarda dels drets ling\u00fc\u00edstics en la societat i, especialment, per a millorar l\u2019atenci\u00f3 ling\u00fc\u00edstica dels serveis p\u00fablics.<\/li>\n<li>Tenen la consideraci\u00f3 de consultes els escrits i les comunicacions que formula la ciutadania a l\u2019<span class=\"versaleta\">odl<\/span> per a obtindre assessorament sobre els drets ling\u00fc\u00edstics i sobre la normativa que els empara.<\/li>\n<\/ol>\n<p><strong><em>Quatre.<\/em><\/strong><em> Presentaci\u00f3 de les queixes, els suggeriments i les consultes <\/em><em>per vulneraci\u00f3 de drets ling\u00fc\u00edstics<\/em><\/p>\n<ol>\n<li>Les queixes, els suggeriments i les consultes s\u2019han de presentar, preferentment, utilitzant mitjans electr\u00f2nics. Per a aix\u00f2 s\u2019ha d\u2019accedir a trav\u00e9s de la p\u00e0gina web de l\u2019<span class=\"versaleta\">odl<\/span>, que els remetr\u00e0 a la seu electr\u00f2nica de la Generalitat, o directament des de l\u2019adre\u00e7a de la seu electr\u00f2nica, https:\/\/sede.gva.es, en el procediment reservat per a aquesta finalitat.<\/li>\n<li>En el cas de les persones jur\u00eddiques, la presentaci\u00f3 \u00e9s obligat\u00f2riament telem\u00e0tica.<\/li>\n<li>Les persones f\u00edsiques tamb\u00e9 poden presentar les queixes, els suggeriments i les consultes de manera presencial per qualsevol dels mitjans que preveu l\u2019article 16.4 de la Llei 39\/2015, d\u20191 d\u2019octubre, del procediment administratiu com\u00fa de les administracions p\u00fabliques. En aquest cas, s\u2019utilitzar\u00e0 el formulari disponible en la p\u00e0gina web de l\u2019<span class=\"versaleta\">odl<\/span> i en la seu electr\u00f2nica de la Generalitat, https:\/\/sede.gva.es.<\/li>\n<\/ol>\n<p><strong><em>Cinc.<\/em><\/strong><em> Requisits per a l\u2019admissi\u00f3 a tr\u00e0mit<\/em><\/p>\n<ol>\n<li>Les queixes i els suggeriments han d\u2019incloure les dades seg\u00fcents per a la tramitaci\u00f3:<\/li>\n<\/ol>\n<p style=\"padding-left: 40px;\"><em>a<\/em>) Nom i cognoms.<br \/>\n<em>b<\/em>) Adre\u00e7a i, si \u00e9s el cas, correu electr\u00f2nic.<br \/>\n<em>c<\/em>) Fets ocorreguts i raons que motiven l\u2019escrit.<br \/>\n<em>d<\/em>) Data i signatura.<br \/>\n<em>e<\/em>) \u00d2rgan, entitat o persona jur\u00eddica a qu\u00e8 es dirigeix la queixa o el suggeriment.<br \/>\n<em>f<\/em>) Representant en el cas de persones jur\u00eddiques.<\/p>\n<ol start=\"2\">\n<li>En cas que l\u2019escrit presentat no complisca els requisits que exigeix el punt 1 d\u2019aquest article, l\u2019<span class=\"versaleta\">odl<\/span> requerir\u00e0 a la persona interessada que, en un termini de 10 dies, l\u2019esmene, amb l\u2019advertiment que, si no ho fa aix\u00ed, se li tindr\u00e0 per desistit de la seua petici\u00f3, pr\u00e8via resoluci\u00f3, que haur\u00e0 de ser dictada en els termes previstos en l\u2019article 21 de la Llei 39\/2015, d\u20191 d\u2019octubre, del procediment administratiu com\u00fa de les administracions p\u00fabliques.<\/li>\n<li>Per a tramitar les consultes, \u00e9s suficient que s\u2019incloga la informaci\u00f3 que preveuen les lletres <em>a, b, c<\/em> i <em>d<\/em>, o la que incloguen els apartats del formulari previst per al tr\u00e0mit espec\u00edfic.<\/li>\n<li>Tamb\u00e9 s\u2019accepten les consultes que es formulen per correu electr\u00f2nic que continguen, com a m\u00ednim, la informaci\u00f3 de l\u2019apartat anterior.<\/li>\n<li>No s\u2019han d\u2019admetre ni, per tant, tramitar els escrits an\u00f2nims, els que no es basen en fets concrets de vulneraci\u00f3 dels drets ling\u00fc\u00edstics o manquen manifestament de fonament, aix\u00ed com els que pretenguen fer un \u00fas abusiu del procediment i les queixes que es basen en fets que hagen sigut, o siguen, objecte d\u2019actuacions judicials.<\/li>\n<li>La presentaci\u00f3 d\u2019una queixa per una persona jur\u00eddica en relaci\u00f3 amb una vulneraci\u00f3 patida per una persona f\u00edsica requereix una autoritzaci\u00f3 d\u2019aquesta per a tramitar-la, llevat que la persona jur\u00eddica, si \u00e9s una associaci\u00f3 o una fundaci\u00f3, tinga atribu\u00efda en els estatuts la representaci\u00f3 de la ciutadania en la presentaci\u00f3 de queixes en mat\u00e8ria de vulneraci\u00f3 de drets ling\u00fc\u00edstics. En cas contrari, s\u2019haur\u00e0 d\u2019arxivar la queixa, i se n\u2019informar\u00e0 la persona interessada<\/li>\n<li>La no admissi\u00f3 a tr\u00e0mit de la queixa o el suggeriment ha de ser motivada i es comunicar\u00e0 a la persona interessada.<\/li>\n<\/ol>\n<p><strong><em>Sis.<\/em><\/strong> <em>Tramitaci\u00f3 de les queixes en l\u2019\u00e0mbit competencial de l\u2019Administraci\u00f3 de la Generalitat, el seu sector p\u00fablic instrumental i les institucions esmentades en l\u2019article 20.3 de l\u2019Estatut d\u2019Autonomia<\/em><\/p>\n<ol>\n<li>Quan es presente una queixa, l\u2019<span class=\"versaleta\">odl<\/span> determinar\u00e0, d\u2019acord ambla normativa vigent en mat\u00e8ria de drets ling\u00fc\u00edstics, si els fets exposats per la persona interessada constitueixen una possible vulneraci\u00f3 d\u2019aquests drets, i, si \u00e9s el cas, admetr\u00e0 a tr\u00e0mit la queixa i iniciar\u00e0 les actuacions.<\/li>\n<li>L\u2019inici de les actuacions s\u2019ha de comunicar a l\u2019\u00f2rgan administratiu o l\u2019entitat en qu\u00e8 s\u2019ha produ\u00eft l\u2019actuaci\u00f3 denunciada, i se li n\u2019enviar\u00e0una c\u00f2pia. En el termini de deu dies des d\u2019aquesta comunicaci\u00f3, l\u2019\u00f2rgan administratiu o l\u2019entitat presentar\u00e0 a l\u2019<span class=\"versaleta\">odl<\/span> un informe en qu\u00e8 s\u2019indiquen les mesures que adoptar\u00e0 o les valoracions que considere pertinents relacionades amb el contingut de la queixa. Transcorregut aquest termini, l\u2019<span class=\"versaleta\">odl<\/span> ha d\u2019emetre un informe o, si \u00e9s el cas, una recomanaci\u00f3 sobre la normativa de drets ling\u00fc\u00edstics presumptament infringida i, si \u00e9s el cas, les bones pr\u00e0ctiques a adoptar per a evitar situacions com la que haja donat lloc a la queixa.<\/li>\n<li>La presentaci\u00f3 d\u2019una queixa no impedeix ni condiciona l\u2019exercici de totes les reclamacions, els drets i les accions de car\u00e0cter administratiu o judicial que puguen correspondre a la persona interessada, ni comporta, per tant, la interrupci\u00f3 dels terminis per a la interposici\u00f3 d\u2019aquestes.<\/li>\n<li>En cas que els fets exposats afecten els drets ling\u00fc\u00edstics de les persones consumidores o usu\u00e0ries d\u2019establiments tur\u00edstics, l\u2019<span class=\"versaleta\">odl<\/span> ha de derivar la queixa als \u00f2rgans que tenen les compet\u00e8ncies en mat\u00e8ria de consum o turisme, segons corresponga, que hauran d\u2019informar l\u2019<span class=\"versaleta\">odl<\/span> sobre les actuacions que facen en relaci\u00f3 amb la queixa.<\/li>\n<li>L\u2019<span class=\"versaleta\">odl<\/span> comunicar\u00e0 a la persona interessada que haja registrat laqueixa la resposta de l\u2019\u00f2rgan administratiu, l\u2019entitat p\u00fablica, la instituci\u00f3 o la persona jur\u00eddica competent. Aix\u00ed mateix, l\u2019<span class=\"versaleta\">odl<\/span> ha de comunicar a la persona interessada les actuacions que aquestes persones o \u00f2rgans han dut a terme per a evitar que es reprodu\u00efsquen els fets que han originat la queixa.<\/li>\n<li>La resposta es comunicar\u00e0 en la llengua emprada en la redacci\u00f3de la queixa.<\/li>\n<li>Amb aquesta comunicaci\u00f3, que t\u00e9 car\u00e0cter informatiu, es tancar\u00e0la incid\u00e8ncia.<\/li>\n<\/ol>\n<p><strong><em>Set.<\/em><\/strong> <em>Tramitaci\u00f3 de les queixes en els \u00e0mbits competencials que preveuen els n\u00fameros 2 i 3 de l\u2019apartat 1<\/em><\/p>\n<ol>\n<li>Quan es presente una queixa, l\u2019<span class=\"versaleta\">odl<\/span> la remetr\u00e0 a l\u2019administraci\u00f3 o l\u2019entitat en la qual s\u2019ha produ\u00eft l\u2019actuaci\u00f3.<\/li>\n<li>Aix\u00ed mateix, l\u2019<span class=\"versaleta\">odl<\/span> oferir\u00e0 el seu assessorament i mediaci\u00f3, i podr\u00e0, si \u00e9s el cas, formular les recomanacions i aconsellar bones pr\u00e0ctiques en mat\u00e8ria de drets ling\u00fc\u00edstics.<\/li>\n<\/ol>\n<p><strong><em>Huit.<\/em><\/strong><em> Tramitaci\u00f3 dels suggeriments<\/em><\/p>\n<ol>\n<li>Quan es presente un suggeriment dirigit a qualsevol de les institucions, les entitats, els \u00f2rgans administratius i les persones jur\u00eddiquesdins de l\u2019\u00e0mbit d\u2019actuaci\u00f3 de l\u2019<span class=\"versaleta\">odl<\/span>, i aquesta considere que s\u2019adequa a la definici\u00f3 que d\u2019aquesta estableix l\u2019article 3.2, l\u2019<span class=\"versaleta\">odl<\/span> li l\u2019haur\u00e0 de remetre.<\/li>\n<li>En el cas dels suggeriments remesos als \u00f2rgans, les institucions i les entitats del n\u00famero 1 de l\u2019apartat 1, transcorregut un termini de tres mesos, l\u2019<span class=\"versaleta\">odl<\/span> sol\u00b7licitar\u00e0 informaci\u00f3 sobre les actuacions dutes a terme, si \u00e9s el cas, en relaci\u00f3 amb el suggeriment rem\u00e9s.<\/li>\n<\/ol>\n<p><strong><em>Nou.<\/em><\/strong><em> Negativa a col\u00b7laborar amb l\u2019<span class=\"versaleta\">odl<\/span><\/em><\/p>\n<ol>\n<li>Es considera que no hi ha col\u00b7laboraci\u00f3 amb l\u2019<span class=\"versaleta\">odl<\/span> quan, en els terminis establits, es produ\u00efsquen els fets seg\u00fcents:<\/li>\n<\/ol>\n<p style=\"padding-left: 40px;\"><em>a<\/em>) No es facilite la informaci\u00f3 sol\u00b7licitada.<br \/>\n<em>b<\/em>) No es done resposta a un requeriment vinculat a una queixa o un suggeriment.<br \/>\n<em>c<\/em>) No s\u2019atenguen, malgrat haver-les acceptat, les recomanacions o els suggeriments efectuats des de l\u2019<span class=\"versaleta\">odl<\/span>.<\/p>\n<ol start=\"2\">\n<li>La falta de col\u00b7laboraci\u00f3 de les persones jur\u00eddiques, p\u00fabliques i privades als quals s\u2019haja comunicat una queixa o un suggeriment s\u2019ha de fer constar en la mem\u00f2ria anual de l\u2019<span class=\"versaleta\">odl<\/span>, regulada en l\u2019article 11.<\/li>\n<\/ol>\n<p><strong><em>Deu.<\/em><\/strong><em> Valoraci\u00f3 de les queixes i dels suggeriments en mat\u00e8ria de <\/em><em>drets ling\u00fc\u00edstics<\/em><\/p>\n<ol>\n<li>El contingut de les queixes i dels suggeriments ha de tindre\u2019ls en compte l\u2019<span class=\"versaleta\">odl<\/span> com a \u00f2rgan responsable de la seua atenci\u00f3 i resposta, i tamb\u00e9, sempre de manera coordinada, els \u00f2rgans de l\u2019Administraci\u00f3 de la Generalitat i del seu sector p\u00fablic instrumental competents en la mat\u00e8ria afectada, a l\u2019efecte de millorar de manera cont\u00ednua la qualitat dels serveis p\u00fablics.<\/li>\n<li>Quan de l\u2019an\u00e0lisi d\u2019un conjunt de queixes o suggeriments es desprenga la reiteraci\u00f3 de les mateixes mancances o la necessitat de millorar la prestaci\u00f3 d\u2019un servei en l\u2019\u00e0mbit de l\u2019Administraci\u00f3 de la Generalitat i el seu sector p\u00fablic instrumental, l\u2019<span class=\"versaleta\">odl<\/span> pot promoure la constituci\u00f3 d\u2019un equip de treball per a elaborar un pla de millora que continga les mesures oportunes per a corregir les defici\u00e8ncies i les propostes concretes de millora. Poden formar part de l\u2019equip de treball, a m\u00e9s de les persones en representaci\u00f3 de l\u2019<span class=\"versaleta\">odl<\/span>, els departaments i les entitats afectats, i una persona en representaci\u00f3 de la Inspecci\u00f3 de Serveis de la Generalitat Valenciana.<\/li>\n<li>L\u2019equip de treball ha d\u2019elaborar un informe que contindr\u00e0 unes conclusions i una proposta de mesures a aplicar per a evitar la situaci\u00f3 de vulneraci\u00f3 de drets ling\u00fc\u00edstics que s\u2019ha produ\u00eft de manera reiterada. Aquest informe s\u2019haur\u00e0 de comunicar a la presid\u00e8ncia de la Comissi\u00f3 Interdepartamental per a la Prevenci\u00f3 d\u2019Irregularitats i Males Pr\u00e0ctiques i a la Comissi\u00f3 Interdepartamental per a l\u2019Aplicaci\u00f3 de l\u2019\u00das del Valenci\u00e0.<\/li>\n<\/ol>\n<p><strong><em>Onz\u00e9.<\/em><\/strong><em> Mem\u00f2ria anual<\/em><\/p>\n<ol>\n<li>L\u2019<span class=\"versaleta\">odl<\/span> elaborar\u00e0 una mem\u00f2ria anual sobre les seues actuacions i tamb\u00e9 sobre el nombre i la naturalesa de les queixes, dels suggeriments i de les consultes que reculla, tramite i resolga. D\u2019aquesta mem\u00f2ria donar\u00e0 compte en el Consell de la Generalitat, mitjan\u00e7ant la persona titular de la conselleria competent en mat\u00e8ria de pol\u00edtica ling\u00fc\u00edstica i gesti\u00f3 del multiling\u00fcisme. Aquesta mem\u00f2ria tamb\u00e9 es remetr\u00e0 a les Corts i al conjunt d\u2019administracions p\u00fabliques amb seu a la Comunitat Valenciana.<\/li>\n<li>La mem\u00f2ria anual t\u00e9 car\u00e0cter p\u00fablic i ha d\u2019estar disponible per a la ciutadania, en format electr\u00f2nic, en la p\u00e0gina web de l\u2019<span class=\"versaleta\">odl<\/span>.<\/li>\n<\/ol>\n<p><strong>Dotz\u00e9.<\/strong> <em>Normativa aplicable<\/em><\/p>\n<p>En la tramitaci\u00f3 de les queixes i els suggeriments per vulneraci\u00f3 de drets ling\u00fc\u00edstics \u00e9s aplicable, en tot el que no regule aquesta llei i els articles vigents del Decret 187\/2017, de 24 de novembre, del Consell, pel qual es regula el funcionament de l\u2019Oficina de Drets Ling\u00fc\u00edstics, la Llei 39\/2015, d\u20191 d\u2019octubre, del procediment administratiu com\u00fa de les administracions p\u00fabliques.<\/p>\n","protected":false},"excerpt":{"rendered":"<p>La Llei 8\/2022 (art. 136) de la Generalitat valenciana ha aprovat la regulaci\u00f3 de l&#8217;Oficina de Drets Ling\u00fc\u00edstics de la Generalitat Valenciana (odl): Es regula el funcionament de l\u2019Oficina de Drets Ling\u00fc\u00edstics de la Generalitat Valenciana (odl), adscrita a la Conselleria d\u2019Educaci\u00f3, Cultura i Esport, com a \u00f2rgan administratiu al qual els ciutadans poden dirigir-se [&hellip;]<\/p>\n","protected":false},"author":56,"featured_media":0,"comment_status":"open","ping_status":"open","sticky":false,"template":"","format":"standard","meta":{"footnotes":""},"categories":[4,19,26],"tags":[159,274,530],"class_list":["post-4371","post","type-post","status-publish","format-standard","hentry","category-dret","category-politica","category-serveis-linguistics","tag-drets-linguistics","tag-legislacio","tag-odl"],"_links":{"self":[{"href":"https:\/\/www.cdlpv.org\/dtl\/wp-json\/wp\/v2\/posts\/4371","targetHints":{"allow":["GET"]}}],"collection":[{"href":"https:\/\/www.cdlpv.org\/dtl\/wp-json\/wp\/v2\/posts"}],"about":[{"href":"https:\/\/www.cdlpv.org\/dtl\/wp-json\/wp\/v2\/types\/post"}],"author":[{"embeddable":true,"href":"https:\/\/www.cdlpv.org\/dtl\/wp-json\/wp\/v2\/users\/56"}],"replies":[{"embeddable":true,"href":"https:\/\/www.cdlpv.org\/dtl\/wp-json\/wp\/v2\/comments?post=4371"}],"version-history":[{"count":9,"href":"https:\/\/www.cdlpv.org\/dtl\/wp-json\/wp\/v2\/posts\/4371\/revisions"}],"predecessor-version":[{"id":4394,"href":"https:\/\/www.cdlpv.org\/dtl\/wp-json\/wp\/v2\/posts\/4371\/revisions\/4394"}],"wp:attachment":[{"href":"https:\/\/www.cdlpv.org\/dtl\/wp-json\/wp\/v2\/media?parent=4371"}],"wp:term":[{"taxonomy":"category","embeddable":true,"href":"https:\/\/www.cdlpv.org\/dtl\/wp-json\/wp\/v2\/categories?post=4371"},{"taxonomy":"post_tag","embeddable":true,"href":"https:\/\/www.cdlpv.org\/dtl\/wp-json\/wp\/v2\/tags?post=4371"}],"curies":[{"name":"wp","href":"https:\/\/api.w.org\/{rel}","templated":true}]}}