{"id":437,"date":"2008-07-23T18:29:33","date_gmt":"2008-07-23T17:29:33","guid":{"rendered":"http:\/\/www.cdlpv.org\/dtl\/?p=437"},"modified":"2019-08-19T09:24:08","modified_gmt":"2019-08-19T08:24:08","slug":"ajudes-a-associacions-entitats-locals-i-centres-escolars","status":"publish","type":"post","link":"https:\/\/www.cdlpv.org\/dtl\/2008\/07\/23\/ajudes-a-associacions-entitats-locals-i-centres-escolars\/","title":{"rendered":"Ajudes a associacions, entitats locals i centres escolars."},"content":{"rendered":"<p>El <span class=\"versaleta\">cidaj<\/span> ens envia la informaci\u00f3 seg\u00fcent:<\/p>\n<blockquote>\n<ul>\n<li>RESOLUCI\u00d3 de 25 de juny de 2008, de la Conselleria d&#8217;Educaci\u00f3, per la qual es concedixen ajudes econ\u00f2miques per a les associacions c\u00edviques sense finalitat lucrativa per a la realitzaci\u00f3 d&#8217;activitats de promoci\u00f3 de l&#8217;\u00fas del valenci\u00e0. [2008\/8389] (<span class=\"versaleta\">docv<\/span> n\u00fam. 5.807, de 16.07.2008)<br \/>\n<a href=\"http:\/\/www.pre.gva.es\/L\/BASIS\/BDLGVPU\/WEB\/LEV_LISTADOS_TEXTO\/DDW?W%3DSIGNATURA_N=8540+AND+SIGNATURA_A=2008%26R%3DN\" target=\"_blank\" rel=\"noopener noreferrer\">&#8211; vegeu text<\/a><\/li>\n<li>RESOLUCI\u00d3 de 15 de juliol de 2008, de la Direcci\u00f3 General d&#8217;Ordenaci\u00f3 i Centres Docents, de la Conselleria d&#8217;Educaci\u00f3, per la qual es fa p\u00fablica la llista de centres beneficiaris de la convocat\u00f2ria d&#8217;ajudes per a la realitzaci\u00f3 d&#8217;intercanvis escolars entre l&#8217;alumnat dels centres sostinguts amb fons p\u00fablics de la Comunitat Valenciana per a afavorir la integraci\u00f3 ling\u00fc\u00edstica. [2008\/9046] (<span class=\"versaleta\">docv<\/span> n\u00fam. 5.810, de 21.07.2008)<br \/>\n<a href=\"http:\/\/www.pre.gva.es\/L\/BASIS\/BDLGVPU\/WEB\/LEV_LISTADOS_TEXTO\/DDW?W%3DSIGNATURA_N=8719+AND+SIGNATURA_A=2008%26R%3DN\" target=\"_blank\" rel=\"noopener noreferrer\">&#8211; vegeu text<\/a><\/li>\n<li>Conselleria d&#8217;Educaci\u00f3. RESOLUCI\u00d3 de 3 de juliol de 2008, de la secret\u00e0ria auton\u00f2mica d&#8217;Educaci\u00f3 per la qual es concedixen ajudes econ\u00f2miques destinades a ajuntaments i mancomunitats de municipis que realitzen activitats de promoci\u00f3 de l&#8217;\u00fas del valenci\u00e0 durant l&#8217;any 2008. [2008\/8890] (<span class=\"versaleta\">docv<\/span> n\u00fam. 5.811, de 22.07.2008)<br \/>\n<a href=\"http:\/\/www.pre.gva.es\/L\/BASIS\/BDLGVPU\/WEB\/LEV_LISTADOS_TEXTO\/DDW?W%3DSIGNATURA_N=8792+AND+SIGNATURA_A=2008%26R%3DN\" target=\"_blank\" rel=\"noopener noreferrer\">&#8211; vegeu text<\/a><\/li>\n<\/ul>\n<\/blockquote>\n","protected":false},"excerpt":{"rendered":"<p>El cidaj ens envia la informaci\u00f3 seg\u00fcent: RESOLUCI\u00d3 de 25 de juny de 2008, de la Conselleria d&#8217;Educaci\u00f3, per la qual es concedixen ajudes econ\u00f2miques per a les associacions c\u00edviques sense finalitat lucrativa per a la realitzaci\u00f3 d&#8217;activitats de promoci\u00f3 de l&#8217;\u00fas del valenci\u00e0. [2008\/8389] (docv n\u00fam. 5.807, de 16.07.2008) &#8211; vegeu text RESOLUCI\u00d3 de [&hellip;]<\/p>\n","protected":false},"author":2,"featured_media":0,"comment_status":"open","ping_status":"open","sticky":false,"template":"","format":"standard","meta":{"footnotes":""},"categories":[10,28],"tags":[50,51,248],"class_list":["post-437","post","type-post","status-publish","format-standard","hentry","category-formacio","category-subvencions","tag-administracio-local","tag-ajudes","tag-integracio"],"_links":{"self":[{"href":"https:\/\/www.cdlpv.org\/dtl\/wp-json\/wp\/v2\/posts\/437","targetHints":{"allow":["GET"]}}],"collection":[{"href":"https:\/\/www.cdlpv.org\/dtl\/wp-json\/wp\/v2\/posts"}],"about":[{"href":"https:\/\/www.cdlpv.org\/dtl\/wp-json\/wp\/v2\/types\/post"}],"author":[{"embeddable":true,"href":"https:\/\/www.cdlpv.org\/dtl\/wp-json\/wp\/v2\/users\/2"}],"replies":[{"embeddable":true,"href":"https:\/\/www.cdlpv.org\/dtl\/wp-json\/wp\/v2\/comments?post=437"}],"version-history":[{"count":1,"href":"https:\/\/www.cdlpv.org\/dtl\/wp-json\/wp\/v2\/posts\/437\/revisions"}],"predecessor-version":[{"id":3584,"href":"https:\/\/www.cdlpv.org\/dtl\/wp-json\/wp\/v2\/posts\/437\/revisions\/3584"}],"wp:attachment":[{"href":"https:\/\/www.cdlpv.org\/dtl\/wp-json\/wp\/v2\/media?parent=437"}],"wp:term":[{"taxonomy":"category","embeddable":true,"href":"https:\/\/www.cdlpv.org\/dtl\/wp-json\/wp\/v2\/categories?post=437"},{"taxonomy":"post_tag","embeddable":true,"href":"https:\/\/www.cdlpv.org\/dtl\/wp-json\/wp\/v2\/tags?post=437"}],"curies":[{"name":"wp","href":"https:\/\/api.w.org\/{rel}","templated":true}]}}