{"id":4368,"date":"2023-01-04T20:30:15","date_gmt":"2023-01-04T18:30:15","guid":{"rendered":"https:\/\/www.cdlpv.org\/dtl\/?p=4368"},"modified":"2023-01-04T11:31:19","modified_gmt":"2023-01-04T09:31:19","slug":"els-pressuposts-de-les-llengues","status":"publish","type":"post","link":"https:\/\/www.cdlpv.org\/dtl\/2023\/01\/04\/els-pressuposts-de-les-llengues\/","title":{"rendered":"Els pressuposts de les lleng\u00fces"},"content":{"rendered":"<p>Els pressuposts estatals dedicats a la pol\u00edtica ling\u00fc\u00edstica no solen ser massa tinguts en compte, perqu\u00e8 pareix una convenci\u00f3 entendre que l&#8217;estat espanyol no aplica una pol\u00edtica o gesti\u00f3 ling\u00fc\u00edstiques, sin\u00f3 que eixa \u00e9s una activitat pol\u00e8mica i insidiosa que duen avant algunes comunitats aut\u00f2nomes i alguns partits pol\u00edtics \u00abnacionalistes\u00bb.<br \/>\n\u00c9s f\u00e0cil no vore l&#8217;aire que respirem, \u00e9s f\u00e0cil no vore que el \u00abnacionalisme\u00bb m\u00e9s excloent i prepotent \u00e9s el que t\u00e9 tamb\u00e9 el pressupost m\u00e9s alt i els mitjans d&#8217;actuaci\u00f3 m\u00e9s nombrosos i de m\u00e9s abast, el de l&#8217;estat l&#8217;espanyol i la seua pol\u00edtica \u00abespanyolista\u00bb \u2014\u00e9s a dir, d&#8217;imposici\u00f3 del castell\u00e0 i exclusi\u00f3 de la resta de lleng\u00fces\u2014.<\/p>\n<p>Enllacem alguns articles period\u00edstics on podem trobar dades i valoracions sobre eixes pol\u00edtiques i eixos pressuposts estatals i, per contrast, els d&#8217;altres \u00e0mbits:<\/p>\n<ul>\n<li>Rudolf Ortega (<em>El Pa\u00eds<\/em>, 22.03.2022): \u00abPluja de milions per al castell\u00e0\u00bb<a href=\"https:\/\/elpais.com\/cat\/2022\/03\/16\/cultura\/1647465989_012837.html\" target=\"_blank\" rel=\"noopener\"><i class=\"fas fa-external-link-alt\"><\/i><\/a>\n<ul>\n<li>\u00abPotser algun dia assolirem el reconeixement a Europa, per\u00f2 mentrestant Europa estar\u00e0 finan\u00e7ant a doll el corr\u00f3 del monoling\u00fcisme.\u00bb<\/li>\n<\/ul>\n<\/li>\n<li>Sebasti\u00e0 Alzamora (<em>Ara<\/em>, 10.04.2022): \u00abLleng\u00fces i milions\u00bb <a href=\"https:\/\/www.ara.cat\/opinio\/llengues-milions_129_4334100.html\" target=\"_blank\" rel=\"noopener\"><i class=\"fas fa-external-link-alt\"><\/i><\/a>\n<ul>\n<li>\u00abDels 1.100 milions amb qu\u00e8 compta aquest <span class=\"versaleta\">perte<\/span> ling\u00fc\u00edstic, en fi, se\u2019n destinen 30 (trenta) a \u201cprojectes en lleng\u00fces cooficials\u201d. \u00c9s a dir, 30 milions sobre 1.100, i encara a repartir entre el catal\u00e0, el gallec i l\u2019euskera.\u00bb<\/li>\n<\/ul>\n<\/li>\n<li><span class=\"versaleta\">dlv<\/span> (<em>Diari La Veu<\/em>, 18.11.2022): \u00abLa llengua, la gran perjudicada dels pressupostos municipals de Val\u00e8ncia\u00bb <a href=\"https:\/\/www.diarilaveu.cat\/noticia\/11092\/la-llengua-la-gran-perjudicada-dels-pressupostos-municipals-de-valencia\" target=\"_blank\" rel=\"noopener\"><i class=\"fas fa-external-link-alt\"><\/i><\/a>\n<ul>\n<li>\u00abEl de Val\u00e8ncia, amb quasi 800.000 habitants, dedicar\u00e0 0,08 euros per ve\u00ed per al foment del valenci\u00e0. Almassora, a la Plana Alta, amb 26.000 habitants, en dedicar\u00e0 2,28 tot i que compta amb un pressupost total de 61.540 euros en aquesta partida.\u00bb<\/li>\n<\/ul>\n<\/li>\n<li>Laura Serra (<em>Ara<\/em>, 03.01.2023): \u00abEspanya tamb\u00e9 fa pol\u00edtica ling\u00fc\u00edstica\u00bb <a href=\"https:\/\/www.ara.cat\/nx-newsletter\/1000110\/1136646\/\" target=\"_blank\" rel=\"noopener\"><i class=\"fas fa-external-link-alt\"><\/i><\/a>\n<ul>\n<li>\u00abFins i tot un idioma que t\u00e9 585 milions de parlants al m\u00f3n fa pol\u00edtica ling\u00fc\u00edstica, encara que no ho sembli, perqu\u00e8 no en diuen aix\u00ed. \u00bb<\/li>\n<\/ul>\n<\/li>\n<\/ul>\n<p>Les quantitats pressupostades no s\u00f3n les invertides, i les invertides no solen tindre un efecte real proporcional a la inversi\u00f3, per\u00f2 eixe quantitats s\u00f3n un primer indicador i un factor rellevant per a analitzar i valorar els \u00e8xits i defici\u00e8ncies de les pol\u00edtiques ling\u00fc\u00edstiques, de les normes que es promulguen i de les possibilitats i opcions per a aconseguir que les actuacions tinguen incid\u00e8ncia i efectes en la societat.<\/p>\n","protected":false},"excerpt":{"rendered":"<p>Els pressuposts estatals dedicats a la pol\u00edtica ling\u00fc\u00edstica no solen ser massa tinguts en compte, perqu\u00e8 pareix una convenci\u00f3 entendre que l&#8217;estat espanyol no aplica una pol\u00edtica o gesti\u00f3 ling\u00fc\u00edstiques, sin\u00f3 que eixa \u00e9s una activitat pol\u00e8mica i insidiosa que duen avant algunes comunitats aut\u00f2nomes i alguns partits pol\u00edtics \u00abnacionalistes\u00bb. \u00c9s f\u00e0cil no vore l&#8217;aire [&hellip;]<\/p>\n","protected":false},"author":56,"featured_media":0,"comment_status":"open","ping_status":"open","sticky":false,"template":"","format":"standard","meta":{"footnotes":""},"categories":[3,7,47,19,21,27],"tags":[190,376,383],"class_list":["post-4368","post","type-post","status-publish","format-standard","hentry","category-documentacio","category-empreses","category-planificacio","category-politica","category-pressuposts","category-sociolinguistica","tag-estat-espanyol","tag-politica-linguistica","tag-pressupost"],"_links":{"self":[{"href":"https:\/\/www.cdlpv.org\/dtl\/wp-json\/wp\/v2\/posts\/4368","targetHints":{"allow":["GET"]}}],"collection":[{"href":"https:\/\/www.cdlpv.org\/dtl\/wp-json\/wp\/v2\/posts"}],"about":[{"href":"https:\/\/www.cdlpv.org\/dtl\/wp-json\/wp\/v2\/types\/post"}],"author":[{"embeddable":true,"href":"https:\/\/www.cdlpv.org\/dtl\/wp-json\/wp\/v2\/users\/56"}],"replies":[{"embeddable":true,"href":"https:\/\/www.cdlpv.org\/dtl\/wp-json\/wp\/v2\/comments?post=4368"}],"version-history":[{"count":2,"href":"https:\/\/www.cdlpv.org\/dtl\/wp-json\/wp\/v2\/posts\/4368\/revisions"}],"predecessor-version":[{"id":4370,"href":"https:\/\/www.cdlpv.org\/dtl\/wp-json\/wp\/v2\/posts\/4368\/revisions\/4370"}],"wp:attachment":[{"href":"https:\/\/www.cdlpv.org\/dtl\/wp-json\/wp\/v2\/media?parent=4368"}],"wp:term":[{"taxonomy":"category","embeddable":true,"href":"https:\/\/www.cdlpv.org\/dtl\/wp-json\/wp\/v2\/categories?post=4368"},{"taxonomy":"post_tag","embeddable":true,"href":"https:\/\/www.cdlpv.org\/dtl\/wp-json\/wp\/v2\/tags?post=4368"}],"curies":[{"name":"wp","href":"https:\/\/api.w.org\/{rel}","templated":true}]}}