{"id":4360,"date":"2022-12-29T20:30:44","date_gmt":"2022-12-29T18:30:44","guid":{"rendered":"https:\/\/www.cdlpv.org\/dtl\/?p=4360"},"modified":"2022-12-29T14:00:09","modified_gmt":"2022-12-29T12:00:09","slug":"les-interpretacions-de-lenquesta","status":"publish","type":"post","link":"https:\/\/www.cdlpv.org\/dtl\/2022\/12\/29\/les-interpretacions-de-lenquesta\/","title":{"rendered":"Les interpretacions de l&#8217;enquesta"},"content":{"rendered":"<p>L&#8217;enquesta sobre coneiximent i \u00fas social del valenci\u00e0 de l&#8217;any 2021 <a href=\"https:\/\/ceice.gva.es\/documents\/161863132\/354107748\/%C3%9As+del+valenci%C3%A0+en+la+societat+2021_web.pdf\/3df335b0-51e3-05a5-958f-8924dc1f2dbe?t=1671708528755\" target=\"_blank\" rel=\"noopener\"><i class=\"fas fa-file-pdf\"><\/i><\/a> publicada per la Generalitat valenciana ha mogut un poc de pols i remol\u00ed entre els actors socials implicats en la gesti\u00f3 ling\u00fc\u00edstica, on trobem interpretacions interessants i interessades:<\/p>\n<ul>\n<li><em>Diari La Veu<\/em> (07.12.2022): \u00abL\u2019\u00fas del valenci\u00e0 disminueix a casa o amb amics, segons una enquesta de la Direcci\u00f3 General de Pol\u00edtica Ling\u00fc\u00edstica\u00bb <a href=\"https:\/\/www.diarilaveu.cat\/noticia\/11572\/el-93-7-dels-funcionaris-de-la-generalitat-enten-be-o-bastant-be-el-valencia-segons-una-en\" target=\"_blank\" rel=\"noopener\"><i class=\"fas fa-external-link-alt\"><\/i><\/a><\/li>\n<li><em>El Peri\u00f2dic.com<\/em> (07.12.2022): \u00abAugmenta de manera generalitzada la compet\u00e8ncia ling\u00fc\u00edstica en valenci\u00e0\u00bb <a href=\"https:\/\/www.elperiodic.com\/val\/augmenta-manera-generalitzada-competencia-linguistica-valencia_868710\" target=\"_blank\" rel=\"noopener\"><i class=\"fas fa-external-link-alt\"><\/i><\/a><\/li>\n<li>Intersindical Valenciana (09.112.2022): \u00abIntersindical Valenciana denuncia la inacci\u00f3 del govern davant la devallada de l\u2019\u00fas social del valenci\u00e0\u00bb <a href=\"https:\/\/stepv.intersindical.org\/noticies\/article\/intersindical_valenciana_denuncia_la_inaccio_del_govern_davant_la_devallada_de_lus_social_del_valencia\" target=\"_blank\" rel=\"noopener\"><i class=\"fas fa-external-link-alt\"><\/i><\/a><\/li>\n<li><em>Diari La Veu<\/em> (09.12.2022): \u00abIntersindical denuncia la inacci\u00f3 de la Generalitat davant la baixada d\u2019\u00fas social del valenci\u00e0\u00bb <a href=\"https:\/\/www.diarilaveu.cat\/noticia\/11613\/intersindical-denuncia-la-inaccio-de-la-generalitat-davant-la-baixada-dus-social-del-valen\" target=\"_blank\" rel=\"noopener\"><i class=\"fas fa-external-link-alt\"><\/i><\/a><\/li>\n<li><em>Diari La Veu<\/em> (09.12.2022): \u00abCr\u00edtiques [de Gerard Furest] a l\u2019enquesta de la Direcci\u00f3 General de Pol\u00edtica Ling\u00fc\u00edstica sobre el coneixement i l\u2019\u00fas del valenci\u00e0\u00bb <a href=\"https:\/\/www.diarilaveu.cat\/noticia\/11591\/critiques-a-lenquesta-de-la-direccio-general-de-politica-linguistica-sobre-el-coneixement-\" target=\"_blank\" rel=\"noopener\"><i class=\"fas fa-external-link-alt\"><\/i><\/a><\/li>\n<li>Ricard Chuli\u00e0 (<em>Diari La Veu<\/em>, 10.12.2022): \u00abPer la conflictivitzaci\u00f3 del valenci\u00e0\u00bb <a href=\"https:\/\/www.diarilaveu.cat\/opinio\/11596\/per-la-conflictivitzacio-del-valencia\" target=\"_blank\" rel=\"noopener\"><i class=\"fas fa-external-link-alt\"><\/i><\/a><\/li>\n<li><em>Diari de la Llengua <\/em>(20.12.2022): \u00abDemanen retirar l\u2019homologaci\u00f3 dels t\u00edtols de valenci\u00e0 del batxillerat\u00bb <a href=\"https:\/\/www.diaridelallengua.cat\/demanen-retirar-lhomologacio-dels-titols-de-valencia-del-batxillerat\/\" target=\"_blank\" rel=\"noopener\"><i class=\"fas fa-external-link-alt\"><\/i><\/a><\/li>\n<\/ul>\n<p>Convindria que hi haguera socioling\u00fcistes <em>de gu\u00e0rdia<\/em> al Pa\u00eds Valenci\u00e0 analitzant les dades i proposant mesures per a millorar la pol\u00edtica i la gesti\u00f3 ling\u00fc\u00edstiques que s&#8217;apliquen per a millorar l&#8217;\u00fas del valenci\u00e0-catal\u00e0. Seria interessant que intentaren corregir-les quan s&#8217;apliquen per a empitjorar les possibilitats d&#8217;\u00fas del valenci\u00e0, situaci\u00f3 habitual que fa que es continuen mantenint actituds anormalment\u00bb prepotents d&#8217;imposici\u00f3 del castell\u00e0-espanyol.<\/p>\n","protected":false},"excerpt":{"rendered":"<p>L&#8217;enquesta sobre coneiximent i \u00fas social del valenci\u00e0 de l&#8217;any 2021 publicada per la Generalitat valenciana ha mogut un poc de pols i remol\u00ed entre els actors socials implicats en la gesti\u00f3 ling\u00fc\u00edstica, on trobem interpretacions interessants i interessades: Diari La Veu (07.12.2022): \u00abL\u2019\u00fas del valenci\u00e0 disminueix a casa o amb amics, segons una enquesta [&hellip;]<\/p>\n","protected":false},"author":56,"featured_media":0,"comment_status":"open","ping_status":"open","sticky":false,"template":"","format":"standard","meta":{"footnotes":""},"categories":[47,19,24,27],"tags":[177],"class_list":["post-4360","post","type-post","status-publish","format-standard","hentry","category-planificacio","category-politica","category-requisit-linguistic","category-sociolinguistica","tag-enquestes"],"_links":{"self":[{"href":"https:\/\/www.cdlpv.org\/dtl\/wp-json\/wp\/v2\/posts\/4360","targetHints":{"allow":["GET"]}}],"collection":[{"href":"https:\/\/www.cdlpv.org\/dtl\/wp-json\/wp\/v2\/posts"}],"about":[{"href":"https:\/\/www.cdlpv.org\/dtl\/wp-json\/wp\/v2\/types\/post"}],"author":[{"embeddable":true,"href":"https:\/\/www.cdlpv.org\/dtl\/wp-json\/wp\/v2\/users\/56"}],"replies":[{"embeddable":true,"href":"https:\/\/www.cdlpv.org\/dtl\/wp-json\/wp\/v2\/comments?post=4360"}],"version-history":[{"count":5,"href":"https:\/\/www.cdlpv.org\/dtl\/wp-json\/wp\/v2\/posts\/4360\/revisions"}],"predecessor-version":[{"id":4366,"href":"https:\/\/www.cdlpv.org\/dtl\/wp-json\/wp\/v2\/posts\/4360\/revisions\/4366"}],"wp:attachment":[{"href":"https:\/\/www.cdlpv.org\/dtl\/wp-json\/wp\/v2\/media?parent=4360"}],"wp:term":[{"taxonomy":"category","embeddable":true,"href":"https:\/\/www.cdlpv.org\/dtl\/wp-json\/wp\/v2\/categories?post=4360"},{"taxonomy":"post_tag","embeddable":true,"href":"https:\/\/www.cdlpv.org\/dtl\/wp-json\/wp\/v2\/tags?post=4360"}],"curies":[{"name":"wp","href":"https:\/\/api.w.org\/{rel}","templated":true}]}}