{"id":436,"date":"2008-07-22T19:10:02","date_gmt":"2008-07-22T18:10:02","guid":{"rendered":"http:\/\/www.cdlpv.org\/dtl\/?p=436"},"modified":"2008-07-22T19:10:02","modified_gmt":"2008-07-22T18:10:02","slug":"franca-obri-la-seua-constitucio-als-catalans","status":"publish","type":"post","link":"https:\/\/www.cdlpv.org\/dtl\/2008\/07\/22\/franca-obri-la-seua-constitucio-als-catalans\/","title":{"rendered":"Fran\u00e7a obri la seua constituci\u00f3 als catalans"},"content":{"rendered":"<p>Montse Higueras ens envia a trav\u00e9s d&#8217;Infobressola la not\u00edcia seg\u00fcent:<\/p>\n<blockquote>\n<h2>El parlament franc\u00e8s aprova el reconeixement del catal\u00e0 a la constituci\u00f3<\/h2>\n<h3>L&#8217;assemblea i el senat s&#8217;han reunit a Versailles per aprovar definitivament la reforma constitucional<\/h3>\n<h3>S&#8217;ha aprovat per un sol vot per sobre del m\u00ednim necessari<\/h3>\n<p>El parlament franc\u00e8s reunit en congr\u00e9s a <a href=\"http:\/\/www.chateauversailles.fr\" target=\"_blank\">Versailles<\/a> ha aprovat aquesta tarda el paquet de reformes de la constituci\u00f3 proposades per Nicolas Sarkozy.<\/p>\n<p>Entre els punts que hi s\u00f3n continguts, hi ha la inclusi\u00f3 del reconeixement de les <a href=\"http:\/\/www.vilaweb.cat\/www\/noticia?p_idcmp=2926723\" target=\"_blank\">&#8216;lleng\u00fces regionals&#8217;<\/a>, entre les quals hi ha el catal\u00e0, a <a href=\"http:\/\/www.vilaweb.cat\/www\/noticia?p_idcmp=2933716\" target=\"_blank\">l&#8217;article 75<\/a>. El text reformat ha rebut el vistiplau per 539 vots a favor i 357 en contra, de tal manera que s&#8217;han superat per tan sols un vot les tres cinquenes parts necess\u00e0ries per aprovar el text.<\/p>\n<p>En total eren convocats al congr\u00e9s de Versailles 906 parlamentaris: 576 diputats i 330 senadors. El primer ministre franc\u00e8s, <a href=\"http:\/\/www.premier-ministre.gouv.fr\" target=\"_blank\">Fran\u00e7ois Fillon<\/a>, ha obert la reuni\u00f3 a primera hora de la tarda amb una crida &#8216;a la responsabilitat i la cohesi\u00f3&#8217; i despr\u00e9s han pujat a la tribuna els oradors dels grups de l&#8217;assemblea i del senat, que han explicat la seva posici\u00f3 respecte a la reforma.<\/p>\n<p>El portaveu del Partit Radical d&#8217;Esquerra <a href=\"http:\/\/www.planeteradicale.org\/asp\/index.asp\" target=\"_blank\"><span class=\"versaleta\">(pre)<\/span><\/a>, el senador Jean-Michel Baylet, ha confirmat en la seva intervenci\u00f3 al congr\u00e9s que la consigna del seu grup era votar favorablement a la reforma, fet que ha resultat decisiu per a l&#8217;aprovaci\u00f3 final gr\u00e0cies als quinze senadors dels quals disposa el <span class=\"versaleta\">pre<\/span>. Jacques Lang ha estat l&#8217;\u00fanic parlamentari socialista que ha votat a favor.\n<\/p><\/blockquote>\n","protected":false},"excerpt":{"rendered":"<p>Montse Higueras ens envia a trav\u00e9s d&#8217;Infobressola la not\u00edcia seg\u00fcent: El parlament franc\u00e8s aprova el reconeixement del catal\u00e0 a la constituci\u00f3 L&#8217;assemblea i el senat s&#8217;han reunit a Versailles per aprovar definitivament la reforma constitucional S&#8217;ha aprovat per un sol vot per sobre del m\u00ednim necessari El parlament franc\u00e8s reunit en congr\u00e9s a Versailles ha [&hellip;]<\/p>\n","protected":false},"author":2,"featured_media":0,"comment_status":"open","ping_status":"open","sticky":false,"template":"","format":"standard","meta":{"footnotes":""},"categories":[2,4,1,19],"tags":[115,213],"class_list":["post-436","post","type-post","status-publish","format-standard","hentry","category-comunicacio","category-dret","category-general","category-politica","tag-constitucions","tag-franca"],"_links":{"self":[{"href":"https:\/\/www.cdlpv.org\/dtl\/wp-json\/wp\/v2\/posts\/436","targetHints":{"allow":["GET"]}}],"collection":[{"href":"https:\/\/www.cdlpv.org\/dtl\/wp-json\/wp\/v2\/posts"}],"about":[{"href":"https:\/\/www.cdlpv.org\/dtl\/wp-json\/wp\/v2\/types\/post"}],"author":[{"embeddable":true,"href":"https:\/\/www.cdlpv.org\/dtl\/wp-json\/wp\/v2\/users\/2"}],"replies":[{"embeddable":true,"href":"https:\/\/www.cdlpv.org\/dtl\/wp-json\/wp\/v2\/comments?post=436"}],"version-history":[{"count":0,"href":"https:\/\/www.cdlpv.org\/dtl\/wp-json\/wp\/v2\/posts\/436\/revisions"}],"wp:attachment":[{"href":"https:\/\/www.cdlpv.org\/dtl\/wp-json\/wp\/v2\/media?parent=436"}],"wp:term":[{"taxonomy":"category","embeddable":true,"href":"https:\/\/www.cdlpv.org\/dtl\/wp-json\/wp\/v2\/categories?post=436"},{"taxonomy":"post_tag","embeddable":true,"href":"https:\/\/www.cdlpv.org\/dtl\/wp-json\/wp\/v2\/tags?post=436"}],"curies":[{"name":"wp","href":"https:\/\/api.w.org\/{rel}","templated":true}]}}