{"id":4353,"date":"2022-06-16T22:03:42","date_gmt":"2022-06-16T20:03:42","guid":{"rendered":"https:\/\/www.cdlpv.org\/dtl\/?p=4353"},"modified":"2022-06-16T22:03:42","modified_gmt":"2022-06-16T20:03:42","slug":"mercadet-de-llengua","status":"publish","type":"post","link":"https:\/\/www.cdlpv.org\/dtl\/2022\/06\/16\/mercadet-de-llengua\/","title":{"rendered":"Mercadet de llengua"},"content":{"rendered":"<p>Parlava d&#8217;aix\u00f2 un article de Vicent Marco (\u00abLa moda de les camisetes en valenci\u00e0\u00bb, <em>Valencia Plaza,<\/em> <a href=\"https:\/\/valenciaplaza.com\/la-moda-de-les-camisetes-en-valencia\" target=\"_blank\" rel=\"noopener\">13.07.2021<\/a>), i encara aguanta la cosa. La llengua \u00e9s un mercat, com dia el <a href=\"https:\/\/www.iberlibro.com\/servlet\/SearchResults?kn=%22Una%20llengua%20%E9s%20un%20mercat%22&amp;sts=t&amp;cm_sp=SearchF-_-topnav-_-Results\" target=\"_blank\" rel=\"noopener\">llibre<\/a> de Jes\u00fas Royo (veg. <a href=\"http:\/\/diposit.ub.edu\/dspace\/bitstream\/2445\/168677\/1\/093872.pdf\" target=\"_blank\" rel=\"noopener\">ressenya<\/a> de Josep Murgades), i el valenci\u00e0 ha arribat al mercat <a href=\"http:\/\/www.avl.gva.es\/lexicval\/ptv?paraula=glocal\" target=\"_blank\" rel=\"noopener\">glocal<\/a>, \u00e9s a dir, des del Pa\u00eds Valenci\u00e0 (o des de la voreta) a la resta del m\u00f3n, per exemple, amb articles d&#8217;\u00fas quotidi\u00e0 com ara tasses, samarretes i altres objectes d&#8217;\u00fas quotidi\u00e0.<\/p>\n<p>Segur que n&#8217;hi han m\u00e9s marques i empreses, per a tots els gusts i incl\u00fas per a tots els corrents ideol\u00f2gics. En este \u00e0mbit tamb\u00e9, el \u00abmercat\u00bb \u00e9s din\u00e0mic i va canviant. Fem un petit recull (alfab\u00e8tic) d&#8217;adreces de botiguetes (amb el web tamb\u00e9 en valenci\u00e0) que hem localitzat ara mateix:<\/p>\n<ul>\n<li><a href=\"https:\/\/acpv.cat\/botiga\/productes-botiga\/\" target=\"_blank\" rel=\"nofollow noopener\">Acci\u00f3 Cultural del Pa\u00eds Valenci\u00e0<\/a> (Val\u00e8ncia)<\/li>\n<li><a href=\"https:\/\/www.ampelt.com\/\" target=\"_blank\" rel=\"nofollow noopener\">Ampelt<\/a> (Almussafes)<\/li>\n<li><a href=\"https:\/\/escolavalenciana.org\/botiga\/\" target=\"_blank\" rel=\"nofollow noopener\">Escola Valenciana<\/a> (Alacant, Castell\u00f3 de la Plana i Val\u00e8ncia)<\/li>\n<li><a href=\"http:\/\/www.camidesetes.com\/\" target=\"_blank\" rel=\"nofollow noopener\">Camidesetes<\/a> (Massanassa)<\/li>\n<li><a href=\"https:\/\/delaterretatenda.com\/\" target=\"_blank\" rel=\"nofollow noopener\">De la Terreta<\/a> (Alzira)<\/li>\n<li><a href=\"https:\/\/dissenydidees.com\/\" target=\"_blank\" rel=\"nofollow noopener\">Disseny d&#8217;Idees<\/a> (Tavernes de la Valldigna)<\/li>\n<li><a href=\"https:\/\/duestasses.com\/\" target=\"_blank\" rel=\"nofollow noopener\">Dues Tasses<\/a> (la Torre de les Ma\u00e7anes)<\/li>\n<li><a href=\"https:\/\/www.empremtacatalana.com\/\" target=\"_blank\" rel=\"nofollow noopener\">Empremta Catalana<\/a> (Cerdanyola del Vall\u00e8s)<\/li>\n<li><a href=\"https:\/\/larouch.com\/\" target=\"_blank\" rel=\"nofollow noopener\">Larouch<\/a> (Ondara)<\/li>\n<li><a href=\"https:\/\/lolaterreta.com\/ca\/\" target=\"_blank\" rel=\"nofollow noopener\">Lola Terreta<\/a> (Elx)<\/li>\n<li><a href=\"https:\/\/botiga.laincorrecta.cat\/products\" target=\"_blank\" rel=\"nofollow noopener\">La Incorrecta<\/a> (Banyoles)<\/li>\n<li><a href=\"https:\/\/productesdelaterra.cat\/\" target=\"_blank\" rel=\"nofollow noopener\">Productes de la Terra<\/a> (Reus)<\/li>\n<li><a href=\"https:\/\/www.reymonocamisetas.com\/ca\/\" target=\"_blank\" rel=\"nofollow noopener\">Rey Mono<\/a> (Alacant)<\/li>\n<li><a href=\"https:\/\/www.timonetwear.com\/ca\/\" target=\"_blank\" rel=\"nofollow noopener\">Timonet Wear<\/a> (Bocairent)<\/li>\n<li><a href=\"https:\/\/unonou.com\/ca\/\" target=\"_blank\" rel=\"nofollow noopener\">Unonou<\/a> (Banyeres de Mariola)<\/li>\n<li><a href=\"https:\/\/www.vilaweb.cat\/botiga\/\" target=\"_blank\" rel=\"nofollow noopener\">Vilaweb<\/a> (Barcelona)<\/li>\n<\/ul>\n","protected":false},"excerpt":{"rendered":"<p>Parlava d&#8217;aix\u00f2 un article de Vicent Marco (\u00abLa moda de les camisetes en valenci\u00e0\u00bb, Valencia Plaza, 13.07.2021), i encara aguanta la cosa. La llengua \u00e9s un mercat, com dia el llibre de Jes\u00fas Royo (veg. ressenya de Josep Murgades), i el valenci\u00e0 ha arribat al mercat glocal, \u00e9s a dir, des del Pa\u00eds Valenci\u00e0 (o [&hellip;]<\/p>\n","protected":false},"author":56,"featured_media":0,"comment_status":"open","ping_status":"open","sticky":false,"template":"","format":"standard","meta":{"footnotes":""},"categories":[7,27],"tags":[162],"class_list":["post-4353","post","type-post","status-publish","format-standard","hentry","category-empreses","category-sociolinguistica","tag-economia"],"_links":{"self":[{"href":"https:\/\/www.cdlpv.org\/dtl\/wp-json\/wp\/v2\/posts\/4353","targetHints":{"allow":["GET"]}}],"collection":[{"href":"https:\/\/www.cdlpv.org\/dtl\/wp-json\/wp\/v2\/posts"}],"about":[{"href":"https:\/\/www.cdlpv.org\/dtl\/wp-json\/wp\/v2\/types\/post"}],"author":[{"embeddable":true,"href":"https:\/\/www.cdlpv.org\/dtl\/wp-json\/wp\/v2\/users\/56"}],"replies":[{"embeddable":true,"href":"https:\/\/www.cdlpv.org\/dtl\/wp-json\/wp\/v2\/comments?post=4353"}],"version-history":[{"count":1,"href":"https:\/\/www.cdlpv.org\/dtl\/wp-json\/wp\/v2\/posts\/4353\/revisions"}],"predecessor-version":[{"id":4354,"href":"https:\/\/www.cdlpv.org\/dtl\/wp-json\/wp\/v2\/posts\/4353\/revisions\/4354"}],"wp:attachment":[{"href":"https:\/\/www.cdlpv.org\/dtl\/wp-json\/wp\/v2\/media?parent=4353"}],"wp:term":[{"taxonomy":"category","embeddable":true,"href":"https:\/\/www.cdlpv.org\/dtl\/wp-json\/wp\/v2\/categories?post=4353"},{"taxonomy":"post_tag","embeddable":true,"href":"https:\/\/www.cdlpv.org\/dtl\/wp-json\/wp\/v2\/tags?post=4353"}],"curies":[{"name":"wp","href":"https:\/\/api.w.org\/{rel}","templated":true}]}}