{"id":435,"date":"2008-07-20T10:49:50","date_gmt":"2008-07-20T09:49:50","guid":{"rendered":"http:\/\/www.cdlpv.org\/dtl\/?p=435"},"modified":"2008-07-20T10:49:50","modified_gmt":"2008-07-20T09:49:50","slug":"el-catala-de-felip-puig-i-de-jose-montilla","status":"publish","type":"post","link":"https:\/\/www.cdlpv.org\/dtl\/2008\/07\/20\/el-catala-de-felip-puig-i-de-jose-montilla\/","title":{"rendered":"El catal\u00e0 de Felip Puig i de Jos\u00e9 Montilla"},"content":{"rendered":"<p>\u00abSobre les paraules de Felip Puig\u00bb \u00e9s una carta del lector Ferran Suay, professor de psicobiologia de la Universitat de Val\u00e8ncia que podem afegir als nostres instruments de reflexi\u00f3.<\/p>\n<p>Hi ha a voltes declaracions m\u00e9s o menys banals davant les quals estem bastant desarmats, sobretot si provenen de persones que pretenen conjuminar (inconscientment) comportaments oposats. En eixe cas ens podem preguntar, com fa Ferran Suay:<\/p>\n<blockquote><p>\n<em>b<\/em>) Per contra, el senyor Puig no considera que les persones que parlen sempre en castell\u00e0, a Catalunya, siguen integristes ling\u00fc\u00edstics, ja que t\u00e9 amics que es veu que s&#8217;integren dins d&#8217;aquesta categoria (per quin motiu &mdash;sin\u00f3&mdash; s&#8217;hi comunicaria el senyor Puig en castell\u00e0?).\n<\/p><\/blockquote>\n<p>La resta de l&#8217;article en <a href=\"http:\/\/in.directe.cat\/cartes-lectors\/bloc\/sobre-les-paraules-de-felip-puig\" target=\"_blank\">indirecte.cat<\/a>.<\/p>\n","protected":false},"excerpt":{"rendered":"<p>\u00abSobre les paraules de Felip Puig\u00bb \u00e9s una carta del lector Ferran Suay, professor de psicobiologia de la Universitat de Val\u00e8ncia que podem afegir als nostres instruments de reflexi\u00f3. Hi ha a voltes declaracions m\u00e9s o menys banals davant les quals estem bastant desarmats, sobretot si provenen de persones que pretenen conjuminar (inconscientment) comportaments oposats. [&hellip;]<\/p>\n","protected":false},"author":2,"featured_media":0,"comment_status":"open","ping_status":"open","sticky":false,"template":"","format":"standard","meta":{"footnotes":""},"categories":[2,10,1,24,27],"tags":[451],"class_list":["post-435","post","type-post","status-publish","format-standard","hentry","category-comunicacio","category-formacio","category-general","category-requisit-linguistic","category-sociolinguistica","tag-subordinacio"],"_links":{"self":[{"href":"https:\/\/www.cdlpv.org\/dtl\/wp-json\/wp\/v2\/posts\/435","targetHints":{"allow":["GET"]}}],"collection":[{"href":"https:\/\/www.cdlpv.org\/dtl\/wp-json\/wp\/v2\/posts"}],"about":[{"href":"https:\/\/www.cdlpv.org\/dtl\/wp-json\/wp\/v2\/types\/post"}],"author":[{"embeddable":true,"href":"https:\/\/www.cdlpv.org\/dtl\/wp-json\/wp\/v2\/users\/2"}],"replies":[{"embeddable":true,"href":"https:\/\/www.cdlpv.org\/dtl\/wp-json\/wp\/v2\/comments?post=435"}],"version-history":[{"count":0,"href":"https:\/\/www.cdlpv.org\/dtl\/wp-json\/wp\/v2\/posts\/435\/revisions"}],"wp:attachment":[{"href":"https:\/\/www.cdlpv.org\/dtl\/wp-json\/wp\/v2\/media?parent=435"}],"wp:term":[{"taxonomy":"category","embeddable":true,"href":"https:\/\/www.cdlpv.org\/dtl\/wp-json\/wp\/v2\/categories?post=435"},{"taxonomy":"post_tag","embeddable":true,"href":"https:\/\/www.cdlpv.org\/dtl\/wp-json\/wp\/v2\/tags?post=435"}],"curies":[{"name":"wp","href":"https:\/\/api.w.org\/{rel}","templated":true}]}}