{"id":4346,"date":"2022-05-23T20:52:09","date_gmt":"2022-05-23T18:52:09","guid":{"rendered":"https:\/\/www.cdlpv.org\/dtl\/?p=4346"},"modified":"2023-01-04T14:47:51","modified_gmt":"2023-01-04T12:47:51","slug":"faltes-i-variants","status":"publish","type":"post","link":"https:\/\/www.cdlpv.org\/dtl\/2022\/05\/23\/faltes-i-variants\/","title":{"rendered":"Faltes i variants"},"content":{"rendered":"<p>Els t\u00e8cnics ling\u00fc\u00edstics conv\u00e9 que llegim la sent\u00e8ncia del Tribunal Superior de Just\u00edcia de Catalunya (<em>Vilaweb,<\/em> <a class=\"western\" href=\"https:\/\/www.vilaweb.cat\/noticies\/resolucio-25-castella-faltes-catala\/\" target=\"_blank\" rel=\"noopener\">09.05.2022<\/a>) que pret\u00e9n, mostrant un repertori interminable de faltes ortogr\u00e0fiques, fer creure que eixe tribunal ent\u00e9n res d&#8217;ensenyament de lleng\u00fces, d&#8217;educaci\u00f3 i ni tan sols de just\u00edcia.<\/p>\n<p>En eixe sentit, els quatre \u00faltims n\u00fameros de la <a class=\"western\" href=\"https:\/\/revistasao.cat\/\" target=\"_blank\" rel=\"noopener\">revista <i>Sa\u00f3<\/i><\/a><i> <\/i>(476 a 479) mostren com de rellevant \u00e9s entendre la dist\u00e0ncia que hi ha entre aprovar les assignatures de llengua, saber usar, poder usar i usar realment la llengua com si els valencianoparlants no estigu\u00e9rem injustament discriminats en quasi tots els \u00e0mbits de la vida quotidiana. A m\u00e9s, \u00e9s interessant observar que els articles que aporten dades verificables s\u00f3n \u00fatils i productius per a reflexionar sobre l&#8217;estat i les necessitats reals de l&#8217;\u00fas de la llengua.<\/p>\n<p>Mentrestant, l&#8217;actriu Natalia de Molina <a href=\"https:\/\/ca.wikipedia.org\/wiki\/Natalia_de_Molina\" target=\"_blank\" rel=\"nofollow noopener\"><i class=\"fas fa-external-link-alt\"><\/i><\/a> aporta una nota de color ling\u00fc\u00edstic, amb qu\u00e8 mos podem identificar, quan comenta un poc la utilitat de les variants de l&#8217;andal\u00fas <span style=\"font-family: Liberation Serif, serif;\">\u2014<\/span>la seua de Ja\u00e9n i la de Cadis<span style=\"font-family: Liberation Serif, serif;\">\u2014<\/span> per al film <em>Techo y comida<\/em> en <em><a class=\"western\" href=\"https:\/\/www.rtve.es\/play\/videos\/version-espanola\/coloquio-techo-comida\/6531098\/\" target=\"_blank\" rel=\"noopener\">Versi\u00f3n Espa\u00f1ola<\/a><\/em>.<\/p>\n<p>Diferents notes de color per a t\u00e8cnics ling\u00fc\u00edstics.<\/p>\n","protected":false},"excerpt":{"rendered":"<p>Els t\u00e8cnics ling\u00fc\u00edstics conv\u00e9 que llegim la sent\u00e8ncia del Tribunal Superior de Just\u00edcia de Catalunya (Vilaweb, 09.05.2022) que pret\u00e9n, mostrant un repertori interminable de faltes ortogr\u00e0fiques, fer creure que eixe tribunal ent\u00e9n res d&#8217;ensenyament de lleng\u00fces, d&#8217;educaci\u00f3 i ni tan sols de just\u00edcia. En eixe sentit, els quatre \u00faltims n\u00fameros de la revista Sa\u00f3 (476 [&hellip;]<\/p>\n","protected":false},"author":56,"featured_media":0,"comment_status":"open","ping_status":"open","sticky":false,"template":"","format":"standard","meta":{"footnotes":""},"categories":[36,2,4,14,19,24,27],"tags":[417],"class_list":["post-4346","post","type-post","status-publish","format-standard","hentry","category-allofobia","category-comunicacio","category-dret","category-jurisprudencia","category-politica","category-requisit-linguistic","category-sociolinguistica","tag-revistes"],"_links":{"self":[{"href":"https:\/\/www.cdlpv.org\/dtl\/wp-json\/wp\/v2\/posts\/4346","targetHints":{"allow":["GET"]}}],"collection":[{"href":"https:\/\/www.cdlpv.org\/dtl\/wp-json\/wp\/v2\/posts"}],"about":[{"href":"https:\/\/www.cdlpv.org\/dtl\/wp-json\/wp\/v2\/types\/post"}],"author":[{"embeddable":true,"href":"https:\/\/www.cdlpv.org\/dtl\/wp-json\/wp\/v2\/users\/56"}],"replies":[{"embeddable":true,"href":"https:\/\/www.cdlpv.org\/dtl\/wp-json\/wp\/v2\/comments?post=4346"}],"version-history":[{"count":5,"href":"https:\/\/www.cdlpv.org\/dtl\/wp-json\/wp\/v2\/posts\/4346\/revisions"}],"predecessor-version":[{"id":4383,"href":"https:\/\/www.cdlpv.org\/dtl\/wp-json\/wp\/v2\/posts\/4346\/revisions\/4383"}],"wp:attachment":[{"href":"https:\/\/www.cdlpv.org\/dtl\/wp-json\/wp\/v2\/media?parent=4346"}],"wp:term":[{"taxonomy":"category","embeddable":true,"href":"https:\/\/www.cdlpv.org\/dtl\/wp-json\/wp\/v2\/categories?post=4346"},{"taxonomy":"post_tag","embeddable":true,"href":"https:\/\/www.cdlpv.org\/dtl\/wp-json\/wp\/v2\/tags?post=4346"}],"curies":[{"name":"wp","href":"https:\/\/api.w.org\/{rel}","templated":true}]}}