{"id":4340,"date":"2022-04-12T12:00:15","date_gmt":"2022-04-12T11:00:15","guid":{"rendered":"https:\/\/www.cdlpv.org\/dtl\/?p=4340"},"modified":"2022-04-12T08:42:30","modified_gmt":"2022-04-12T07:42:30","slug":"denominacions-oficials-beniarda","status":"publish","type":"post","link":"https:\/\/www.cdlpv.org\/dtl\/2022\/04\/12\/denominacions-oficials-beniarda\/","title":{"rendered":"Denominacions oficials: Beniard\u00e0"},"content":{"rendered":"<p>El municipi de Beniard\u00e0 (Marina Baixa) <a href=\"https:\/\/ca.wikipedia.org\/wiki\/Beniard%C3%A0\" target=\"_blank\" rel=\"nofollow noopener\"><i class=\"fas fa-external-link-alt\"><\/i><\/a> ha fixat la forma oficial del seu nom (<em><span class=\"versaleta\">dogv<\/span><\/em> 9.306, 25.03.2022): <a href=\"https:\/\/dogv.gva.es\/datos\/2022\/03\/25\/pdf\/2022_2430.pdf\" target=\"_blank\" rel=\"nofollow noopener\"><i class=\"fas fa-file-pdf\"><\/i><\/a><\/p>\n<blockquote><p>Decret 26\/2022, d\u201911 de mar\u00e7 de 2022 del Consell, d\u2019arprovaci\u00f3 <em>[sic]<\/em> del canvi de denominaci\u00f3 del municipi de Beniard\u00e1 per Beniard\u00e0.<\/p><\/blockquote>\n<p>M\u00e9s denominacions oficials en:\u00a0<a href=\"http:\/\/www.cdlpv.org\/fitxes\/municipis-i-comarques-del-pais-valencia\/\" target=\"_blank\" rel=\"noopener\">Municipis i comarques (PV)<\/a>.<\/p>\n","protected":false},"excerpt":{"rendered":"<p>El municipi de Beniard\u00e0 (Marina Baixa) ha fixat la forma oficial del seu nom (dogv 9.306, 25.03.2022): Decret 26\/2022, d\u201911 de mar\u00e7 de 2022 del Consell, d\u2019arprovaci\u00f3 [sic] del canvi de denominaci\u00f3 del municipi de Beniard\u00e1 per Beniard\u00e0. M\u00e9s denominacions oficials en:\u00a0Municipis i comarques (PV).<\/p>\n","protected":false},"author":56,"featured_media":0,"comment_status":"open","ping_status":"open","sticky":false,"template":"","format":"standard","meta":{"footnotes":""},"categories":[32],"tags":[50],"class_list":["post-4340","post","type-post","status-publish","format-standard","hentry","category-toponimia","tag-administracio-local"],"_links":{"self":[{"href":"https:\/\/www.cdlpv.org\/dtl\/wp-json\/wp\/v2\/posts\/4340","targetHints":{"allow":["GET"]}}],"collection":[{"href":"https:\/\/www.cdlpv.org\/dtl\/wp-json\/wp\/v2\/posts"}],"about":[{"href":"https:\/\/www.cdlpv.org\/dtl\/wp-json\/wp\/v2\/types\/post"}],"author":[{"embeddable":true,"href":"https:\/\/www.cdlpv.org\/dtl\/wp-json\/wp\/v2\/users\/56"}],"replies":[{"embeddable":true,"href":"https:\/\/www.cdlpv.org\/dtl\/wp-json\/wp\/v2\/comments?post=4340"}],"version-history":[{"count":3,"href":"https:\/\/www.cdlpv.org\/dtl\/wp-json\/wp\/v2\/posts\/4340\/revisions"}],"predecessor-version":[{"id":4344,"href":"https:\/\/www.cdlpv.org\/dtl\/wp-json\/wp\/v2\/posts\/4340\/revisions\/4344"}],"wp:attachment":[{"href":"https:\/\/www.cdlpv.org\/dtl\/wp-json\/wp\/v2\/media?parent=4340"}],"wp:term":[{"taxonomy":"category","embeddable":true,"href":"https:\/\/www.cdlpv.org\/dtl\/wp-json\/wp\/v2\/categories?post=4340"},{"taxonomy":"post_tag","embeddable":true,"href":"https:\/\/www.cdlpv.org\/dtl\/wp-json\/wp\/v2\/tags?post=4340"}],"curies":[{"name":"wp","href":"https:\/\/api.w.org\/{rel}","templated":true}]}}