{"id":4337,"date":"2022-02-28T20:30:43","date_gmt":"2022-02-28T19:30:43","guid":{"rendered":"https:\/\/www.cdlpv.org\/dtl\/?p=4337"},"modified":"2022-02-28T18:45:09","modified_gmt":"2022-02-28T17:45:09","slug":"la-comarca-de-la-serrania","status":"publish","type":"post","link":"https:\/\/www.cdlpv.org\/dtl\/2022\/02\/28\/la-comarca-de-la-serrania\/","title":{"rendered":"La comarca de la Serrania"},"content":{"rendered":"<p>Les comarques no s&#8217;han creat encara com a entitats oficials, a pesar de la llei de comarcalitzaci\u00f3 prevista en l&#8217;estatut d&#8217;autonomia valenci\u00e0 (art. 65). <a href=\"https:\/\/www.cortsvalencianes.es\/sites\/default\/files\/book\/doc\/estatut_cv_marc_2019_web_val.pdf\" target=\"_blank\" rel=\"nofollow noopener\"><i class=\"fas fa-external-link-alt\"><\/i><\/a> L&#8217;<span class=\"versaleta\">avl<\/span> \u00e9s l&#8217;entitat encarregada per la Generalitat valenciana de fixar la topon\u00edmia que s&#8217;aprova de forma oficial. Les comarques valencianes existixen com a entitats geogr\u00e0fiques i culturals \u2014no com a entitas administratives oficials\u2014. A m\u00e9s, tenen noms coneguts i utilitzats per la topon\u00edmia, noms que no s&#8217;han fixat oficialment i que, per tant, no s\u00f3n \u00fanics i presenten variacions tradicionals.<\/p>\n<p>Per extensi\u00f3, la topon\u00edmia que utilitza i difon l&#8217;acad\u00e8mia \u00e9s la refer\u00e8ncia tamb\u00e9 per als top\u00f2nims d&#8217;entitats no oficials que utilitzen els organismes de l&#8217;administraci\u00f3. En eixe sentit, fa vora quatre anys, l&#8217;acad\u00e8mia va aprovar el canvi del nom habitual de la comarca dels Serrans. Actualment \u00e9s denominada <em>la Serrania<\/em> (ca) \/ <em>la Serran\u00eda<\/em> (es), d\u2019acord amb una informaci\u00f3 aportada per una t\u00e8cnica de l\u2019acad\u00e8mia en resposta a la nostra consulta (07.02.2022):<\/p>\n<blockquote><p>En el Ple de l\u2019<span class=\"versaleta\">avl<\/span> del 4 de maig del 2018 es va aprovar el canvi de denominaci\u00f3 en valenci\u00e0 de la comarca de <em>la Serrania,<\/em> anteriorment <em>els Serrans.<\/em> La modificaci\u00f3, demanada per col\u00b7lectius de la zona, es va basar en un informe aprovat pel la Secci\u00f3 d\u2019Onom\u00e0stica del dia 23 d\u2019abril del 2018.<\/p><\/blockquote>\n<p>L\u2019acad\u00e8mia no ha fet p\u00fablic ni l\u2019informe ni l\u2019acord ni ha donat cap informaci\u00f3 oficial sobre esta decisi\u00f3, silenci estrany que es desvia de la l\u00ednia habitual d\u2019actuaci\u00f3 en les decisions que han de ser conegudes i aplicades per a respectar la normativa de la llengua. Amb tot, hi van fer refer\u00e8ncia una not\u00edcia en Vilaweb (<a href=\"https:\/\/www.vilaweb.cat\/noticies\/compromis-proposa-de-canviar-el-nom-de-la-comarca-dels-serrans-per-la-serrania\/\" target=\"_blank\" rel=\"noopener\">22.02.2020<\/a>) i un apunt del web del partit pol\u00edtic Comprom\u00eds (<a href=\"https:\/\/compromis.net\/31835\/compromis-proposa-el-canvi-de-nom-de-la-comarca-els-serrans-pel-de-la-serrania\/\" target=\"_blank\" rel=\"noopener\">24.02.2020<\/a>), mitjans que no suplixen les funcions i atribucions de l&#8217;<span class=\"versaleta\">avl<\/span>, entitat que, en l&#8217;\u00e0mbit de la difusi\u00f3, hauria d&#8217;anar m\u00e9s enll\u00e0de limitar.se a incloure el nom de la comarca en una llista d&#8217;una publicaci\u00f3 <a href=\"https:\/\/www.avl.gva.es\/documents\/31987\/58581\/MANUALS_03.pdf\" target=\"_blank\" rel=\"nofollow noopener\"><i class=\"fas fa-external-link-alt\"><\/i><\/a> o en les definicions del seu diccionari. <a href=\"https:\/\/www.avl.gva.es\/lexicval\/?definicio=serrania\" target=\"_blank\" rel=\"nofollow noopener\"><i class=\"fas fa-external-link-alt\"><\/i><\/a><\/p>\n","protected":false},"excerpt":{"rendered":"<p>Les comarques no s&#8217;han creat encara com a entitats oficials, a pesar de la llei de comarcalitzaci\u00f3 prevista en l&#8217;estatut d&#8217;autonomia valenci\u00e0 (art. 65). L&#8217;avl \u00e9s l&#8217;entitat encarregada per la Generalitat valenciana de fixar la topon\u00edmia que s&#8217;aprova de forma oficial. Les comarques valencianes existixen com a entitats geogr\u00e0fiques i culturals \u2014no com a entitas [&hellip;]<\/p>\n","protected":false},"author":56,"featured_media":0,"comment_status":"open","ping_status":"open","sticky":false,"template":"","format":"standard","meta":{"footnotes":""},"categories":[38,3,4,17,32],"tags":[50],"class_list":["post-4337","post","type-post","status-publish","format-standard","hentry","category-avl","category-documentacio","category-dret","category-normativa","category-toponimia","tag-administracio-local"],"_links":{"self":[{"href":"https:\/\/www.cdlpv.org\/dtl\/wp-json\/wp\/v2\/posts\/4337","targetHints":{"allow":["GET"]}}],"collection":[{"href":"https:\/\/www.cdlpv.org\/dtl\/wp-json\/wp\/v2\/posts"}],"about":[{"href":"https:\/\/www.cdlpv.org\/dtl\/wp-json\/wp\/v2\/types\/post"}],"author":[{"embeddable":true,"href":"https:\/\/www.cdlpv.org\/dtl\/wp-json\/wp\/v2\/users\/56"}],"replies":[{"embeddable":true,"href":"https:\/\/www.cdlpv.org\/dtl\/wp-json\/wp\/v2\/comments?post=4337"}],"version-history":[{"count":1,"href":"https:\/\/www.cdlpv.org\/dtl\/wp-json\/wp\/v2\/posts\/4337\/revisions"}],"predecessor-version":[{"id":4338,"href":"https:\/\/www.cdlpv.org\/dtl\/wp-json\/wp\/v2\/posts\/4337\/revisions\/4338"}],"wp:attachment":[{"href":"https:\/\/www.cdlpv.org\/dtl\/wp-json\/wp\/v2\/media?parent=4337"}],"wp:term":[{"taxonomy":"category","embeddable":true,"href":"https:\/\/www.cdlpv.org\/dtl\/wp-json\/wp\/v2\/categories?post=4337"},{"taxonomy":"post_tag","embeddable":true,"href":"https:\/\/www.cdlpv.org\/dtl\/wp-json\/wp\/v2\/tags?post=4337"}],"curies":[{"name":"wp","href":"https:\/\/api.w.org\/{rel}","templated":true}]}}