{"id":433,"date":"2008-07-17T13:20:35","date_gmt":"2008-07-17T12:20:35","guid":{"rendered":"http:\/\/www.cdlpv.org\/dtl\/?p=433"},"modified":"2008-07-17T13:20:35","modified_gmt":"2008-07-17T12:20:35","slug":"flaixos-sobre-acreditacio-linguistica","status":"publish","type":"post","link":"https:\/\/www.cdlpv.org\/dtl\/2008\/07\/17\/flaixos-sobre-acreditacio-linguistica\/","title":{"rendered":"Flaixos sobre acreditaci\u00f3 ling\u00fc\u00edstica"},"content":{"rendered":"<p>Els <em>Flaixos<\/em> (n\u00fam. 18, <a href=\"http:\/\/www20.gencat.cat\/portal\/site\/Llengcat\/menuitem.08f45c9e3857090e3285bdb1b0c0e1a0\/?vgnextoid=cedaaa22b7103110VgnVCM1000008d0c1e0aRCRD&#038;vgnextchannel=cedaaa22b7103110VgnVCM1000008d0c1e0aRCRD&#038;vgnextfmt=default\" target=\"_blank\">16.07.2008<\/a>) sobre l&#8217;acreditaci\u00f3 ling\u00fc\u00edstica del professorat universitari de Catalunya:<\/p>\n<blockquote><p>\nLa Junta del Consell Interuniversitari de Catalunya va acordar, l&#8217;11 de juny passat, establir el requisit  d\u2019acreditar el coneixement suficient de la llengua catana al professorat de totes les universitats integrades en el sistema universitari de Catalunya. El grau de coneixement exigible, que s\u2019haur\u00e0 d\u2019acreditar  en els processos de selecci\u00f3 i acc\u00e9s del professorat,  es correspon amb el nivell de sufici\u00e8ncia. Queden exceptuats d\u2019aquest requisit el professorat visitant, el professorat em\u00e8rit i el professorat que desenvolupi una activitat acad\u00e8mica honor\u00e0ria.\n<\/p><\/blockquote>\n","protected":false},"excerpt":{"rendered":"<p>Els Flaixos (n\u00fam. 18, 16.07.2008) sobre l&#8217;acreditaci\u00f3 ling\u00fc\u00edstica del professorat universitari de Catalunya: La Junta del Consell Interuniversitari de Catalunya va acordar, l&#8217;11 de juny passat, establir el requisit d\u2019acreditar el coneixement suficient de la llengua catana al professorat de totes les universitats integrades en el sistema universitari de Catalunya. El grau de coneixement exigible, [&hellip;]<\/p>\n","protected":false},"author":2,"featured_media":0,"comment_status":"open","ping_status":"open","sticky":false,"template":"","format":"standard","meta":{"footnotes":""},"categories":[1,15,24],"tags":[206,500],"class_list":["post-433","post","type-post","status-publish","format-standard","hentry","category-general","category-laboral","category-requisit-linguistic","tag-flaixos-dactualitat","tag-universitats"],"_links":{"self":[{"href":"https:\/\/www.cdlpv.org\/dtl\/wp-json\/wp\/v2\/posts\/433","targetHints":{"allow":["GET"]}}],"collection":[{"href":"https:\/\/www.cdlpv.org\/dtl\/wp-json\/wp\/v2\/posts"}],"about":[{"href":"https:\/\/www.cdlpv.org\/dtl\/wp-json\/wp\/v2\/types\/post"}],"author":[{"embeddable":true,"href":"https:\/\/www.cdlpv.org\/dtl\/wp-json\/wp\/v2\/users\/2"}],"replies":[{"embeddable":true,"href":"https:\/\/www.cdlpv.org\/dtl\/wp-json\/wp\/v2\/comments?post=433"}],"version-history":[{"count":0,"href":"https:\/\/www.cdlpv.org\/dtl\/wp-json\/wp\/v2\/posts\/433\/revisions"}],"wp:attachment":[{"href":"https:\/\/www.cdlpv.org\/dtl\/wp-json\/wp\/v2\/media?parent=433"}],"wp:term":[{"taxonomy":"category","embeddable":true,"href":"https:\/\/www.cdlpv.org\/dtl\/wp-json\/wp\/v2\/categories?post=433"},{"taxonomy":"post_tag","embeddable":true,"href":"https:\/\/www.cdlpv.org\/dtl\/wp-json\/wp\/v2\/tags?post=433"}],"curies":[{"name":"wp","href":"https:\/\/api.w.org\/{rel}","templated":true}]}}