{"id":432,"date":"2008-07-17T11:10:49","date_gmt":"2008-07-17T10:10:49","guid":{"rendered":"http:\/\/www.cdlpv.org\/dtl\/?p=432"},"modified":"2008-07-17T11:10:49","modified_gmt":"2008-07-17T10:10:49","slug":"oferta-laboral-en-la-urv-5-places-de-tl","status":"publish","type":"post","link":"https:\/\/www.cdlpv.org\/dtl\/2008\/07\/17\/oferta-laboral-en-la-urv-5-places-de-tl\/","title":{"rendered":"Oferta laboral en l&#8217;URV: 5 places de TL"},"content":{"rendered":"<p>Xavier Rull informa en la llista Infoz\u00e8fir de la convocat\u00f2ria seg\u00fcent:<\/p>\n<blockquote><p>\nHan sortit 5 convocat\u00f2ries per a places de t\u00e8cnic\/a ling\u00fc\u00edstic\/a al Servei ling\u00fc\u00edstic de la  URV.<\/p>\n<p>L&#8217;\u00faltim dia per presentar les sol\u00b7licituds \u00e9s el 24.07.2008.<\/p>\n<p>Les ofertes les podeu trobar clicant a: <a href=\"http:\/\/wwwa.urv.net\/la_urv\/10_serveis\/rrhh\/pas\/convocatories\/convocatories.htm\" target=\"_blank\">convocat\u00f2ries <span class=\"versaleta\">pas<\/span><\/a>.\n<\/p><\/blockquote>\n","protected":false},"excerpt":{"rendered":"<p>Xavier Rull informa en la llista Infoz\u00e8fir de la convocat\u00f2ria seg\u00fcent: Han sortit 5 convocat\u00f2ries per a places de t\u00e8cnic\/a ling\u00fc\u00edstic\/a al Servei ling\u00fc\u00edstic de la URV. L&#8217;\u00faltim dia per presentar les sol\u00b7licituds \u00e9s el 24.07.2008. Les ofertes les podeu trobar clicant a: convocat\u00f2ries pas.<\/p>\n","protected":false},"author":2,"featured_media":0,"comment_status":"open","ping_status":"open","sticky":false,"template":"","format":"standard","meta":{"footnotes":""},"categories":[43,1,15],"tags":[500,505],"class_list":["post-432","post","type-post","status-publish","format-standard","hentry","category-concursos","category-general","category-laboral","tag-universitats","tag-urv"],"_links":{"self":[{"href":"https:\/\/www.cdlpv.org\/dtl\/wp-json\/wp\/v2\/posts\/432","targetHints":{"allow":["GET"]}}],"collection":[{"href":"https:\/\/www.cdlpv.org\/dtl\/wp-json\/wp\/v2\/posts"}],"about":[{"href":"https:\/\/www.cdlpv.org\/dtl\/wp-json\/wp\/v2\/types\/post"}],"author":[{"embeddable":true,"href":"https:\/\/www.cdlpv.org\/dtl\/wp-json\/wp\/v2\/users\/2"}],"replies":[{"embeddable":true,"href":"https:\/\/www.cdlpv.org\/dtl\/wp-json\/wp\/v2\/comments?post=432"}],"version-history":[{"count":0,"href":"https:\/\/www.cdlpv.org\/dtl\/wp-json\/wp\/v2\/posts\/432\/revisions"}],"wp:attachment":[{"href":"https:\/\/www.cdlpv.org\/dtl\/wp-json\/wp\/v2\/media?parent=432"}],"wp:term":[{"taxonomy":"category","embeddable":true,"href":"https:\/\/www.cdlpv.org\/dtl\/wp-json\/wp\/v2\/categories?post=432"},{"taxonomy":"post_tag","embeddable":true,"href":"https:\/\/www.cdlpv.org\/dtl\/wp-json\/wp\/v2\/tags?post=432"}],"curies":[{"name":"wp","href":"https:\/\/api.w.org\/{rel}","templated":true}]}}