{"id":431,"date":"2008-07-16T13:48:13","date_gmt":"2008-07-16T12:48:13","guid":{"rendered":"http:\/\/www.cdlpv.org\/dtl\/?p=431"},"modified":"2008-07-16T13:48:13","modified_gmt":"2008-07-16T12:48:13","slug":"oferta-laboral-per-a-lestiu-en-nova-televisio","status":"publish","type":"post","link":"https:\/\/www.cdlpv.org\/dtl\/2008\/07\/16\/oferta-laboral-per-a-lestiu-en-nova-televisio\/","title":{"rendered":"Oferta laboral per a l&#8217;estiu en Nova Televisi\u00f3"},"content":{"rendered":"<p>Magadalena Ramon ens informa a trav\u00e9s de la llista Infoz\u00e8fir de l&#8217;oferta laboral seg\u00fcent:<\/p>\n<blockquote><p>\nA <a href=\"http:\/\/novatelevisio.com\/\" target=\"_blank\">Nova Televisi\u00f3<\/a> cerquen un fil\u00f2leg (o alg\u00fa amb certificat D de catal\u00e0) per fer d&#8217;assessor en un programa de televisi\u00f3.<\/p>\n<p>La feina \u00e9s per a un mes (del 28 de juliol al 27 d&#8217;agost) i el sou brut s\u00f3n 1.600 euros. La persona interessada s&#8217;hauria de posar en contacte amb na <a href=\"mailto:c.oliver@novatelevisi\u00f3.com\" target=\"_blank\">Catalina Oliver<\/a>.<\/p>\n<p>Font: Caterina Sureda\n<\/p><\/blockquote>\n","protected":false},"excerpt":{"rendered":"<p>Magadalena Ramon ens informa a trav\u00e9s de la llista Infoz\u00e8fir de l&#8217;oferta laboral seg\u00fcent: A Nova Televisi\u00f3 cerquen un fil\u00f2leg (o alg\u00fa amb certificat D de catal\u00e0) per fer d&#8217;assessor en un programa de televisi\u00f3. La feina \u00e9s per a un mes (del 28 de juliol al 27 d&#8217;agost) i el sou brut s\u00f3n 1.600 [&hellip;]<\/p>\n","protected":false},"author":2,"featured_media":0,"comment_status":"open","ping_status":"open","sticky":false,"template":"","format":"standard","meta":{"footnotes":""},"categories":[43,15],"tags":[334,465],"class_list":["post-431","post","type-post","status-publish","format-standard","hentry","category-concursos","category-laboral","tag-ofertes","tag-televisio"],"_links":{"self":[{"href":"https:\/\/www.cdlpv.org\/dtl\/wp-json\/wp\/v2\/posts\/431","targetHints":{"allow":["GET"]}}],"collection":[{"href":"https:\/\/www.cdlpv.org\/dtl\/wp-json\/wp\/v2\/posts"}],"about":[{"href":"https:\/\/www.cdlpv.org\/dtl\/wp-json\/wp\/v2\/types\/post"}],"author":[{"embeddable":true,"href":"https:\/\/www.cdlpv.org\/dtl\/wp-json\/wp\/v2\/users\/2"}],"replies":[{"embeddable":true,"href":"https:\/\/www.cdlpv.org\/dtl\/wp-json\/wp\/v2\/comments?post=431"}],"version-history":[{"count":0,"href":"https:\/\/www.cdlpv.org\/dtl\/wp-json\/wp\/v2\/posts\/431\/revisions"}],"wp:attachment":[{"href":"https:\/\/www.cdlpv.org\/dtl\/wp-json\/wp\/v2\/media?parent=431"}],"wp:term":[{"taxonomy":"category","embeddable":true,"href":"https:\/\/www.cdlpv.org\/dtl\/wp-json\/wp\/v2\/categories?post=431"},{"taxonomy":"post_tag","embeddable":true,"href":"https:\/\/www.cdlpv.org\/dtl\/wp-json\/wp\/v2\/tags?post=431"}],"curies":[{"name":"wp","href":"https:\/\/api.w.org\/{rel}","templated":true}]}}