{"id":430,"date":"2008-07-15T13:19:22","date_gmt":"2008-07-15T12:19:22","guid":{"rendered":"http:\/\/www.cdlpv.org\/dtl\/?p=430"},"modified":"2008-07-15T13:19:22","modified_gmt":"2008-07-15T12:19:22","slug":"dos-ofertes-laborals-a-constanti-i-valencia","status":"publish","type":"post","link":"https:\/\/www.cdlpv.org\/dtl\/2008\/07\/15\/dos-ofertes-laborals-a-constanti-i-valencia\/","title":{"rendered":"Dos ofertes laborals a Constant\u00ed i Val\u00e8ncia"},"content":{"rendered":"<p>A trav\u00e9s d&#8217;Infoz\u00e8fir ens arriben dos ofertes laborals que envien Marta Torres Vilatarsana i Ferran Isabel:<\/p>\n<blockquote>\n<li>Escola de Tarragona recerca un llicenciat en filologia catalana per impartir classes de catal\u00e0 a la secund\u00e0ria.\n<p>Com a dades a destacar indiquem les seg\u00fcents:<\/p>\n<p>ESCOLA: TURO<br \/>\nAdre\u00e7a: carretera de Reus, s\/n. 43120 Constant\u00ed (Tarragona)<br \/>\nTel\u00e8fon: 977 52 05 11<\/p>\n<p>WEB: <a href=\"http:\/\/institucio.org\/turo\/\" target=\"_blank\">http:\/\/institucio.org\/turo\/<\/a><\/p>\n<p>PERSONES DE CONTACTE:<br \/>\nImma Font: <a href=\"mailto:immafont@institucio.org\" target=\"_blank\">immafont@institucio.org<\/a><br \/>\nMarta Muntaner: <a href=\"mailto:mmuntaner@institucio.org\" target=\"_blank\">mmuntaner@institucio.org<\/a><\/p>\n<p>VACANTS:<br \/>\n1 professor de catal\u00e0 per impartir classes a l&#8217;ESO.<\/p>\n<p>INCORPORACI\u00d3:<br \/>\nSetembre de 2008<\/p>\n<p>SOU\/ AVANTATGES:<br \/>\nSou aproximat de: 31.490 euros anuals en 14 pagues<br \/>\nEn principi contracte indefinit<\/p>\n<p>Avantatges:<br \/>\nDinar i transport<br \/>\nVacances escolars<br \/>\nPossibilitat de cobrament en esp\u00e8cies, escolaritzaci\u00f3 fills.\n<\/li>\n<li>\nOferta de feina: llicenciat de filologia catalana per a Val\u00e8ncia<\/p>\n<p>El Voluntariat pel Valenci\u00e0 demana un llicenciat o llicenciada de filologia catalana per a fer cursos per a estrangers a la ciutat de Val\u00e8ncia. \u00c9s per a una associaci\u00f3 d&#8217;immigrants.<\/p>\n<p>Persona de contacte:<br \/>\nDariana Groza<br \/>\nTel.: 96 347 27 83<br \/>\nA\/e: <a href=\"mailto:promocio@voluntariatpelvalencia.org\" target=\"_blank\">promocio@voluntariatpelvalencia.org<\/a><\/p>\n<p>Font: Dariana Groza (Escola Valenciana, Voluntariat pel Valenci\u00e0)\n<\/li>\n<\/blockquote>\n","protected":false},"excerpt":{"rendered":"<p>A trav\u00e9s d&#8217;Infoz\u00e8fir ens arriben dos ofertes laborals que envien Marta Torres Vilatarsana i Ferran Isabel: Escola de Tarragona recerca un llicenciat en filologia catalana per impartir classes de catal\u00e0 a la secund\u00e0ria. Com a dades a destacar indiquem les seg\u00fcents: ESCOLA: TURO Adre\u00e7a: carretera de Reus, s\/n. 43120 Constant\u00ed (Tarragona) Tel\u00e8fon: 977 52 05 [&hellip;]<\/p>\n","protected":false},"author":2,"featured_media":0,"comment_status":"open","ping_status":"open","sticky":false,"template":"","format":"standard","meta":{"footnotes":""},"categories":[43,1,15],"tags":[156],"class_list":["post-430","post","type-post","status-publish","format-standard","hentry","category-concursos","category-general","category-laboral","tag-docencia"],"_links":{"self":[{"href":"https:\/\/www.cdlpv.org\/dtl\/wp-json\/wp\/v2\/posts\/430","targetHints":{"allow":["GET"]}}],"collection":[{"href":"https:\/\/www.cdlpv.org\/dtl\/wp-json\/wp\/v2\/posts"}],"about":[{"href":"https:\/\/www.cdlpv.org\/dtl\/wp-json\/wp\/v2\/types\/post"}],"author":[{"embeddable":true,"href":"https:\/\/www.cdlpv.org\/dtl\/wp-json\/wp\/v2\/users\/2"}],"replies":[{"embeddable":true,"href":"https:\/\/www.cdlpv.org\/dtl\/wp-json\/wp\/v2\/comments?post=430"}],"version-history":[{"count":0,"href":"https:\/\/www.cdlpv.org\/dtl\/wp-json\/wp\/v2\/posts\/430\/revisions"}],"wp:attachment":[{"href":"https:\/\/www.cdlpv.org\/dtl\/wp-json\/wp\/v2\/media?parent=430"}],"wp:term":[{"taxonomy":"category","embeddable":true,"href":"https:\/\/www.cdlpv.org\/dtl\/wp-json\/wp\/v2\/categories?post=430"},{"taxonomy":"post_tag","embeddable":true,"href":"https:\/\/www.cdlpv.org\/dtl\/wp-json\/wp\/v2\/tags?post=430"}],"curies":[{"name":"wp","href":"https:\/\/api.w.org\/{rel}","templated":true}]}}