{"id":429,"date":"2008-07-09T08:08:33","date_gmt":"2008-07-09T07:08:33","guid":{"rendered":"http:\/\/www.cdlpv.org\/dtl\/?p=429"},"modified":"2008-07-09T08:08:33","modified_gmt":"2008-07-09T07:08:33","slug":"tecnics-mitjans-de-promocio-linguistica-en-la-upv","status":"publish","type":"post","link":"https:\/\/www.cdlpv.org\/dtl\/2008\/07\/09\/tecnics-mitjans-de-promocio-linguistica-en-la-upv\/","title":{"rendered":"T\u00e8cnics mitjans de promoci\u00f3 ling\u00fc\u00edstica en la UPV"},"content":{"rendered":"<p>El <span class=\"versaleta\">cidaj<\/span> ens envia la informaci\u00f3 seg\u00fcent:<\/p>\n<blockquote>\n<ul>\n<li>RESOLUCI\u00d3 de 23 de junio de 2008, de la Universitat Polit\u00e8cnica de Val\u00e8ncia, per la qual es convoquen proves selectives d&#8217;acc\u00e9s al grup A, subgrup A2, sector d&#8217;administraci\u00f3 especial, t\u00e8cnic mitj\u00e0 de promoci\u00f3 ling\u00fc\u00edstica y cultural, pel sistema de concurs oposici\u00f3 (codi: 2008\/P\/FC\/C\/18). [2008\/7947] (<span class=\"versaleta\"><em>docv<\/em><\/span> n\u00fam. 5.798, de 03.07.2008)<br \/>\n<a href=\"http:\/\/www.pre.gva.es\/L\/BASIS\/BDLGVPU\/WEB\/LEV_LISTADOS_TEXTO\/DDW?W%3DSIGNATURA_N=8092+AND+SIGNATURA_A=2008%26R%3DN\" target=\"_blank\">&#8211; vegeu text<\/a>\n<\/li>\n<li>RESOLUCI\u00d3 de 23 de juny de 2008, de la Universitat Polit\u00e8cnica de Val\u00e8ncia, per la qual es convoquen proves selectives d&#8217;acc\u00e9s al grup A, subgrup A2, sector administraci\u00f3 especial, t\u00e8cnic mitj\u00e0 d&#8217;informaci\u00f3 i promoci\u00f3 ling\u00fc\u00edstica (PF1646), pel sistema de concurs oposici\u00f3 (codi: 2008\/P\/FC\/C\/17). [2008\/7952] (<span class=\"versaleta\"><em>docv<\/em><\/span> n\u00fam. 5.799, de 04.07.2008)<br \/>\n<a href=\"http:\/\/www.pre.gva.es\/L\/BASIS\/BDLGVPU\/WEB\/LEV_LISTADOS_TEXTO\/DDW?W%3DSIGNATURA_N=8156+AND+SIGNATURA_A=2008%26R%3DN\" target=\"_blank\">&#8211; vegeu text<\/a><\/p>\n<li>\n<\/ul>\n<\/blockquote>\n","protected":false},"excerpt":{"rendered":"<p>El cidaj ens envia la informaci\u00f3 seg\u00fcent: RESOLUCI\u00d3 de 23 de junio de 2008, de la Universitat Polit\u00e8cnica de Val\u00e8ncia, per la qual es convoquen proves selectives d&#8217;acc\u00e9s al grup A, subgrup A2, sector d&#8217;administraci\u00f3 especial, t\u00e8cnic mitj\u00e0 de promoci\u00f3 ling\u00fc\u00edstica y cultural, pel sistema de concurs oposici\u00f3 (codi: 2008\/P\/FC\/C\/18). [2008\/7947] (docv n\u00fam. 5.798, de [&hellip;]<\/p>\n","protected":false},"author":2,"featured_media":0,"comment_status":"open","ping_status":"open","sticky":false,"template":"","format":"standard","meta":{"footnotes":""},"categories":[43,1,15,18,24,31],"tags":[500,503],"class_list":["post-429","post","type-post","status-publish","format-standard","hentry","category-concursos","category-general","category-laboral","category-oposicions","category-requisit-linguistic","category-tmpl","tag-universitats","tag-upv"],"_links":{"self":[{"href":"https:\/\/www.cdlpv.org\/dtl\/wp-json\/wp\/v2\/posts\/429","targetHints":{"allow":["GET"]}}],"collection":[{"href":"https:\/\/www.cdlpv.org\/dtl\/wp-json\/wp\/v2\/posts"}],"about":[{"href":"https:\/\/www.cdlpv.org\/dtl\/wp-json\/wp\/v2\/types\/post"}],"author":[{"embeddable":true,"href":"https:\/\/www.cdlpv.org\/dtl\/wp-json\/wp\/v2\/users\/2"}],"replies":[{"embeddable":true,"href":"https:\/\/www.cdlpv.org\/dtl\/wp-json\/wp\/v2\/comments?post=429"}],"version-history":[{"count":0,"href":"https:\/\/www.cdlpv.org\/dtl\/wp-json\/wp\/v2\/posts\/429\/revisions"}],"wp:attachment":[{"href":"https:\/\/www.cdlpv.org\/dtl\/wp-json\/wp\/v2\/media?parent=429"}],"wp:term":[{"taxonomy":"category","embeddable":true,"href":"https:\/\/www.cdlpv.org\/dtl\/wp-json\/wp\/v2\/categories?post=429"},{"taxonomy":"post_tag","embeddable":true,"href":"https:\/\/www.cdlpv.org\/dtl\/wp-json\/wp\/v2\/tags?post=429"}],"curies":[{"name":"wp","href":"https:\/\/api.w.org\/{rel}","templated":true}]}}