{"id":428,"date":"2008-07-09T07:49:29","date_gmt":"2008-07-09T06:49:29","guid":{"rendered":"http:\/\/www.cdlpv.org\/dtl\/?p=428"},"modified":"2008-07-09T07:49:29","modified_gmt":"2008-07-09T06:49:29","slug":"jqcv-elemental-i-llenguatge-als-mitjans-de-comunicacio","status":"publish","type":"post","link":"https:\/\/www.cdlpv.org\/dtl\/2008\/07\/09\/jqcv-elemental-i-llenguatge-als-mitjans-de-comunicacio\/","title":{"rendered":"JQCV: elemental i llenguatge als mitjans de comunicaci\u00f3"},"content":{"rendered":"<p>El <span class=\"versaleta\">cidaj<\/span> ens envia la informaci\u00f3 seg\u00fcent:<\/p>\n<blockquote><p>\nRESOLUCI\u00d3 de 27 de juny de 2008, de la presidenta de la Junta Qualificadora de Coneixements de Valenci\u00e0, per la qual es fan p\u00fabliques les llistes de resultats provisionals de la prova de grau elemental de coneixements de valenci\u00e0 i de capacitaci\u00f3 t\u00e8cnica: llenguatge als mitjans de comunicaci\u00f3. [2008\/8391] (<span class=\"versaleta\"><em>docv<\/em><\/span> n\u00fam. 5.801, de 08.07.2008)<br \/>\n<a href=\"http:\/\/www.pre.gva.es\/L\/BASIS\/BDLGVPU\/WEB\/LEV_LISTADOS_TEXTO\/DDW?W%3DSIGNATURA_N=8278+AND+SIGNATURA_A=2008%26R%3DN\" target=\"_blank\">&#8211; vegeu text<\/a>\n<\/p><\/blockquote>\n","protected":false},"excerpt":{"rendered":"<p>El cidaj ens envia la informaci\u00f3 seg\u00fcent: RESOLUCI\u00d3 de 27 de juny de 2008, de la presidenta de la Junta Qualificadora de Coneixements de Valenci\u00e0, per la qual es fan p\u00fabliques les llistes de resultats provisionals de la prova de grau elemental de coneixements de valenci\u00e0 i de capacitaci\u00f3 t\u00e8cnica: llenguatge als mitjans de comunicaci\u00f3. [&hellip;]<\/p>\n","protected":false},"author":2,"featured_media":0,"comment_status":"open","ping_status":"open","sticky":false,"template":"","format":"standard","meta":{"footnotes":""},"categories":[10,1,13],"tags":[197],"class_list":["post-428","post","type-post","status-publish","format-standard","hentry","category-formacio","category-general","category-jqcv","tag-examens"],"_links":{"self":[{"href":"https:\/\/www.cdlpv.org\/dtl\/wp-json\/wp\/v2\/posts\/428","targetHints":{"allow":["GET"]}}],"collection":[{"href":"https:\/\/www.cdlpv.org\/dtl\/wp-json\/wp\/v2\/posts"}],"about":[{"href":"https:\/\/www.cdlpv.org\/dtl\/wp-json\/wp\/v2\/types\/post"}],"author":[{"embeddable":true,"href":"https:\/\/www.cdlpv.org\/dtl\/wp-json\/wp\/v2\/users\/2"}],"replies":[{"embeddable":true,"href":"https:\/\/www.cdlpv.org\/dtl\/wp-json\/wp\/v2\/comments?post=428"}],"version-history":[{"count":0,"href":"https:\/\/www.cdlpv.org\/dtl\/wp-json\/wp\/v2\/posts\/428\/revisions"}],"wp:attachment":[{"href":"https:\/\/www.cdlpv.org\/dtl\/wp-json\/wp\/v2\/media?parent=428"}],"wp:term":[{"taxonomy":"category","embeddable":true,"href":"https:\/\/www.cdlpv.org\/dtl\/wp-json\/wp\/v2\/categories?post=428"},{"taxonomy":"post_tag","embeddable":true,"href":"https:\/\/www.cdlpv.org\/dtl\/wp-json\/wp\/v2\/tags?post=428"}],"curies":[{"name":"wp","href":"https:\/\/api.w.org\/{rel}","templated":true}]}}