{"id":427,"date":"2008-07-05T12:44:17","date_gmt":"2008-07-05T11:44:17","guid":{"rendered":"http:\/\/www.cdlpv.org\/dtl\/?p=427"},"modified":"2008-07-05T12:44:17","modified_gmt":"2008-07-05T11:44:17","slug":"denominacio-oficial-de-peniscola-i-la-torre-den-domenec","status":"publish","type":"post","link":"https:\/\/www.cdlpv.org\/dtl\/2008\/07\/05\/denominacio-oficial-de-peniscola-i-la-torre-den-domenec\/","title":{"rendered":"Denominaci\u00f3 oficial de Pen\u00edscola i la Torre d&#8217;en Dom\u00e9nec"},"content":{"rendered":"<p>El <span class=\"versaleta\">cidaj<\/span> ens envia la informaci\u00f3 seg\u00fcent:<\/p>\n<blockquote>\n<ul>\n<li>DECRET 90\/2008, de 27 de juny, del Consell pel qual s&#8217;aprova el canvi de denominaci\u00f3 del municipi Pe\u00f1\u00edscola per la forma biling\u00fce de Pen\u00edscola\/Pe\u00f1\u00edscola. [2008\/8108] (<span class=\"versaleta\">docv<\/span> n\u00fam. 5.796, d&#8217;01.07.2008)<br \/>\n<a href=\"http:\/\/www.pre.gva.es\/L\/BASIS\/BDLGVPU\/WEB\/LEV_LISTADOS_TEXTO\/DDW?W%3DSIGNATURA_N=7969+AND+SIGNATURA_A=2008%26R%3DN\" target=\"_blank\">&#8211; vegeu text<\/a>\n<\/li>\n<li>DECRET 91\/2008, de 27 de juny, del Consell, pel qual s&#8217;aprova el canvi de denominaci\u00f3 del municipi Torre Endom\u00e9nech per la forma exclusiva en valenci\u00e0 la Torre d&#8217;en Dom\u00e9nec. [2008\/8126] (<span class=\"versaleta\">docv<\/span> n\u00fam. 5.796, d&#8217;01.07.2008)<br \/>\n<a href=\"http:\/\/www.pre.gva.es\/L\/BASIS\/BDLGVPU\/WEB\/LEV_LISTADOS_TEXTO\/DDW?W%3DSIGNATURA_N=7969+AND+SIGNATURA_A=2008%26R%3DN\" target=\"_blank\">&#8211; vegeu text<\/a>\n<\/li>\n<\/ul>\n<\/blockquote>\n","protected":false},"excerpt":{"rendered":"<p>El cidaj ens envia la informaci\u00f3 seg\u00fcent: DECRET 90\/2008, de 27 de juny, del Consell pel qual s&#8217;aprova el canvi de denominaci\u00f3 del municipi Pe\u00f1\u00edscola per la forma biling\u00fce de Pen\u00edscola\/Pe\u00f1\u00edscola. [2008\/8108] (docv n\u00fam. 5.796, d&#8217;01.07.2008) &#8211; vegeu text DECRET 91\/2008, de 27 de juny, del Consell, pel qual s&#8217;aprova el canvi de denominaci\u00f3 del [&hellip;]<\/p>\n","protected":false},"author":2,"featured_media":0,"comment_status":"open","ping_status":"open","sticky":false,"template":"","format":"standard","meta":{"footnotes":""},"categories":[1,19,32],"tags":[372],"class_list":["post-427","post","type-post","status-publish","format-standard","hentry","category-general","category-politica","category-toponimia","tag-pobles"],"_links":{"self":[{"href":"https:\/\/www.cdlpv.org\/dtl\/wp-json\/wp\/v2\/posts\/427","targetHints":{"allow":["GET"]}}],"collection":[{"href":"https:\/\/www.cdlpv.org\/dtl\/wp-json\/wp\/v2\/posts"}],"about":[{"href":"https:\/\/www.cdlpv.org\/dtl\/wp-json\/wp\/v2\/types\/post"}],"author":[{"embeddable":true,"href":"https:\/\/www.cdlpv.org\/dtl\/wp-json\/wp\/v2\/users\/2"}],"replies":[{"embeddable":true,"href":"https:\/\/www.cdlpv.org\/dtl\/wp-json\/wp\/v2\/comments?post=427"}],"version-history":[{"count":0,"href":"https:\/\/www.cdlpv.org\/dtl\/wp-json\/wp\/v2\/posts\/427\/revisions"}],"wp:attachment":[{"href":"https:\/\/www.cdlpv.org\/dtl\/wp-json\/wp\/v2\/media?parent=427"}],"wp:term":[{"taxonomy":"category","embeddable":true,"href":"https:\/\/www.cdlpv.org\/dtl\/wp-json\/wp\/v2\/categories?post=427"},{"taxonomy":"post_tag","embeddable":true,"href":"https:\/\/www.cdlpv.org\/dtl\/wp-json\/wp\/v2\/tags?post=427"}],"curies":[{"name":"wp","href":"https:\/\/api.w.org\/{rel}","templated":true}]}}