{"id":425,"date":"2008-07-02T21:43:35","date_gmt":"2008-07-02T20:43:35","guid":{"rendered":"http:\/\/www.cdlpv.org\/dtl\/?p=425"},"modified":"2008-07-02T21:43:35","modified_gmt":"2008-07-02T20:43:35","slug":"la-justicia-esmena-de-nou-la-generalitat-valenciana","status":"publish","type":"post","link":"https:\/\/www.cdlpv.org\/dtl\/2008\/07\/02\/la-justicia-esmena-de-nou-la-generalitat-valenciana\/","title":{"rendered":"La just\u00edcia esmena de nou la Generalitat valenciana"},"content":{"rendered":"<p>Alfons Esteve ens envia la informaci\u00f3 seg\u00fcent:<\/p>\n<blockquote>\n<h3>Dos nous pronunciaments judicials reconeixen el t\u00edtol de Filologia Catalana i el nom <em>catal\u00e0<\/em> per a la llengua pr\u00f2pia<\/h3>\n<p>El Tribunal Superior de Just\u00edcia valenci\u00e0 ha estimat el recurs interposat per les universitats de Val\u00e8ncia i Alacant contra l\u2019Ordre de la Conselleria de Cultura i Educaci\u00f3  de 19 de juliol de 2006 que no reconeixia la titulaci\u00f3 de Filologia Catalana per a acreditar el coneixement de valenci\u00e0 en les oposicions als cossos de professors d\u2019ensenyament secundari.<\/p>\n<p>A m\u00e9s, el Tribunal, seguint els mateixos arguments que la Sent\u00e8ncia n\u00fam. 75\/1997 del Tribunal Constitucional, avala la doble denominaci\u00f3 de valenci\u00e0 i catal\u00e0 per al nom de la llengua del Pa\u00eds Valenci\u00e0: \u00aboficialmente \u201cvalenciana\u201d en su Estatuto de Autonom\u00eda, y en el \u00e1mbito acad\u00e9mico \u201ccatalana\u201d\u00bb.<\/p>\n<p>La sent\u00e8ncia n\u00fam. 558\/08, de 10 de juny, de la Sala Contenciosa Administrativa, Secci\u00f3 Segona, \u00e9s la quinzena sent\u00e8ncia consecutiva del Tribunal Superior de Just\u00edcia valenci\u00e0, i la dissetena si tenim em compte que sobre aquest punt hi ha tamb\u00e9 un pronunciament del Tribunal Constitucional (sent\u00e8ncia 21 d\u2019abril) i un del Tribunal Suprem (sent\u00e8ncia de 15 de mar\u00e7 de 2006).<\/p>\n<p>D\u2019altra banda, tamb\u00e9 el mateix Tribunal Superior de Just\u00edcia valenci\u00e0 ha dictat una interlocut\u00f2ria de 25 de juny de 2008 que accepta les mesures cautelars que tamb\u00e9 les universitats de Val\u00e8ncia i Alacant li demanaven respecte de les ordres de la Conselleria d\u2019Educaci\u00f3 de 15 d\u2019abril de 2008, en les quals la Generalitat Valenciana torna a desobeir la just\u00edcia.<\/p>\n<p>Per aix\u00f2, el Tribunal ordena a la Conselleria d\u2019Educaci\u00f3 de la Generalitat Valenciana \u201cque eximisca de la realitzaci\u00f3 de la prova d\u2019acreditaci\u00f3 de coneixements de valenci\u00e0 els aspirants admesos a les esmentades proves que tinguen el t\u00edtol de Filologia Catalana\u201d.\n<\/p><\/blockquote>\n<p>Un fragment interessant de la interlocut\u00f2ria diu:<\/p>\n<blockquote>[E]nfront del reiterad\u00edssim criteri d&#8217;este tribunal, favorable a les pretensions que sostenen les universitats valencianes, no arribem a entendre &mdash;excepte \u00f2bviament per raons jur\u00eddiques que en esta seu no hem de valorar&mdash;l&#8217;entossudiment de la Generalitat al fer cas om\u00eds d&#8217;eixe criteri en les successives convocat\u00f2ries docents.<\/p><\/blockquote>\n","protected":false},"excerpt":{"rendered":"<p>Alfons Esteve ens envia la informaci\u00f3 seg\u00fcent: Dos nous pronunciaments judicials reconeixen el t\u00edtol de Filologia Catalana i el nom catal\u00e0 per a la llengua pr\u00f2pia El Tribunal Superior de Just\u00edcia valenci\u00e0 ha estimat el recurs interposat per les universitats de Val\u00e8ncia i Alacant contra l\u2019Ordre de la Conselleria de Cultura i Educaci\u00f3 de 19 [&hellip;]<\/p>\n","protected":false},"author":2,"featured_media":0,"comment_status":"open","ping_status":"open","sticky":false,"template":"","format":"standard","meta":{"footnotes":""},"categories":[43,4,1,14,15,18,24],"tags":[203,435,460,484,485],"class_list":["post-425","post","type-post","status-publish","format-standard","hentry","category-concursos","category-dret","category-general","category-jurisprudencia","category-laboral","category-oposicions","category-requisit-linguistic","tag-filologia-catalana","tag-sentencies","tag-tc","tag-ts","tag-tsj"],"_links":{"self":[{"href":"https:\/\/www.cdlpv.org\/dtl\/wp-json\/wp\/v2\/posts\/425","targetHints":{"allow":["GET"]}}],"collection":[{"href":"https:\/\/www.cdlpv.org\/dtl\/wp-json\/wp\/v2\/posts"}],"about":[{"href":"https:\/\/www.cdlpv.org\/dtl\/wp-json\/wp\/v2\/types\/post"}],"author":[{"embeddable":true,"href":"https:\/\/www.cdlpv.org\/dtl\/wp-json\/wp\/v2\/users\/2"}],"replies":[{"embeddable":true,"href":"https:\/\/www.cdlpv.org\/dtl\/wp-json\/wp\/v2\/comments?post=425"}],"version-history":[{"count":0,"href":"https:\/\/www.cdlpv.org\/dtl\/wp-json\/wp\/v2\/posts\/425\/revisions"}],"wp:attachment":[{"href":"https:\/\/www.cdlpv.org\/dtl\/wp-json\/wp\/v2\/media?parent=425"}],"wp:term":[{"taxonomy":"category","embeddable":true,"href":"https:\/\/www.cdlpv.org\/dtl\/wp-json\/wp\/v2\/categories?post=425"},{"taxonomy":"post_tag","embeddable":true,"href":"https:\/\/www.cdlpv.org\/dtl\/wp-json\/wp\/v2\/tags?post=425"}],"curies":[{"name":"wp","href":"https:\/\/api.w.org\/{rel}","templated":true}]}}