{"id":423,"date":"2008-07-02T08:21:54","date_gmt":"2008-07-02T07:21:54","guid":{"rendered":"http:\/\/www.cdlpv.org\/dtl\/?p=423"},"modified":"2008-07-02T08:21:54","modified_gmt":"2008-07-02T07:21:54","slug":"concurs-de-provisio-de-llocs-en-lavl","status":"publish","type":"post","link":"https:\/\/www.cdlpv.org\/dtl\/2008\/07\/02\/concurs-de-provisio-de-llocs-en-lavl\/","title":{"rendered":"Concurs de provisi\u00f3 de llocs en l&#8217;AVL"},"content":{"rendered":"<p>El <span class=\"versaleta\">cidaj<\/span> ens fa arribar la informaci\u00f3 seg\u00fcent:<\/p>\n<blockquote>\n<ul>\n<li>RESOLUCI\u00d3 de 6 de juny de 2008, de la Presid\u00e8ncia de l&#8217;Acad\u00e8mia Valenciana de la Llengua, per la qual es prove\u00efxen les vacants anunciades en la convocat\u00f2ria de concurs de m\u00e8rits 2\/2008 (Resoluci\u00f3 de 14 de mar\u00e7 de 2008; <span class=\"versaleta\"><em>docv<\/em><\/span> n\u00fam. 5.729, de 27 de mar\u00e7). [2008\/7553] (<span class=\"versaleta\"><em>docv<\/em><\/span> n\u00fam. 5.793, de 26.06.2008)<br \/>\n<a href=\"http:\/\/www.pre.gva.es\/L\/BASIS\/BDLGVPU\/WEB\/LEV_LISTADOS_TEXTO\/DDW?W%3DSIGNATURA_N=7806+AND+SIGNATURA_A=2008%26R%3DN\" target=\"_blank\">&#8211; vegeu text<\/a>\n<\/li>\n<\/ul>\n<\/blockquote>\n<p>Els t\u00e8cnics que ocuparan tres dels llocs s\u00f3n els seg\u00fcents:<\/p>\n<blockquote>\n<ul>\n<li>Lloc 14: Susana Pardines L\u00f3pez<\/li>\n<li>Lloc 17: Leonor Selva Aranda<\/li>\n<li>Lloc 18: Rafael Comeche Palanques<\/li>\n<\/ul>\n<\/blockquote>\n<p>La resoluci\u00f3 no diu res del lloc n\u00famero 15, que supose que no ser\u00e0 cobert definitivament en esta ocasi\u00f3.<\/p>\n","protected":false},"excerpt":{"rendered":"<p>El cidaj ens fa arribar la informaci\u00f3 seg\u00fcent: RESOLUCI\u00d3 de 6 de juny de 2008, de la Presid\u00e8ncia de l&#8217;Acad\u00e8mia Valenciana de la Llengua, per la qual es prove\u00efxen les vacants anunciades en la convocat\u00f2ria de concurs de m\u00e8rits 2\/2008 (Resoluci\u00f3 de 14 de mar\u00e7 de 2008; docv n\u00fam. 5.729, de 27 de mar\u00e7). [2008\/7553] [&hellip;]<\/p>\n","protected":false},"author":2,"featured_media":0,"comment_status":"open","ping_status":"open","sticky":false,"template":"","format":"standard","meta":{"footnotes":""},"categories":[38,43,1,24],"tags":[463],"class_list":["post-423","post","type-post","status-publish","format-standard","hentry","category-avl","category-concursos","category-general","category-requisit-linguistic","tag-tecnics"],"_links":{"self":[{"href":"https:\/\/www.cdlpv.org\/dtl\/wp-json\/wp\/v2\/posts\/423","targetHints":{"allow":["GET"]}}],"collection":[{"href":"https:\/\/www.cdlpv.org\/dtl\/wp-json\/wp\/v2\/posts"}],"about":[{"href":"https:\/\/www.cdlpv.org\/dtl\/wp-json\/wp\/v2\/types\/post"}],"author":[{"embeddable":true,"href":"https:\/\/www.cdlpv.org\/dtl\/wp-json\/wp\/v2\/users\/2"}],"replies":[{"embeddable":true,"href":"https:\/\/www.cdlpv.org\/dtl\/wp-json\/wp\/v2\/comments?post=423"}],"version-history":[{"count":0,"href":"https:\/\/www.cdlpv.org\/dtl\/wp-json\/wp\/v2\/posts\/423\/revisions"}],"wp:attachment":[{"href":"https:\/\/www.cdlpv.org\/dtl\/wp-json\/wp\/v2\/media?parent=423"}],"wp:term":[{"taxonomy":"category","embeddable":true,"href":"https:\/\/www.cdlpv.org\/dtl\/wp-json\/wp\/v2\/categories?post=423"},{"taxonomy":"post_tag","embeddable":true,"href":"https:\/\/www.cdlpv.org\/dtl\/wp-json\/wp\/v2\/tags?post=423"}],"curies":[{"name":"wp","href":"https:\/\/api.w.org\/{rel}","templated":true}]}}