{"id":4226,"date":"2021-10-25T17:48:32","date_gmt":"2021-10-25T16:48:32","guid":{"rendered":"https:\/\/www.cdlpv.org\/dtl\/?p=4226"},"modified":"2021-10-25T17:48:32","modified_gmt":"2021-10-25T16:48:32","slug":"dos-convocatories-laborals-per-a-linguistes","status":"publish","type":"post","link":"https:\/\/www.cdlpv.org\/dtl\/2021\/10\/25\/dos-convocatories-laborals-per-a-linguistes\/","title":{"rendered":"Dos convocat\u00f2ries laborals per a ling\u00fcistes"},"content":{"rendered":"<p>La setmana passada es van publicar dos convocat\u00f2ries d&#8217;inter\u00e9s laboral per als professionals de la producci\u00f3 ling\u00fc\u00edstica de dos institucions p\u00fabliques (les Corts Valencianes i la Societat An\u00f2nima dels Mitjans de Comunicaci\u00f3 de la Comunitat Valenciana):<\/p>\n<ul>\n<li><span class=\"versaleta\"><em>dogv<\/em><\/span> 9.196, 18.10.2021: constituci\u00f3 de la borsa de treball temporal per a la contractaci\u00f3 laboral temporal en la categoria d\u2019assessor ling\u00fcista o assessora ling\u00fcista en la Societat An\u00f2nima dels Mitjans de Comunicaci\u00f3 de la Comunitat Valenciana <a href=\"https:\/\/dogv.gva.es\/datos\/2021\/10\/18\/pdf\/2021_10255.pdf\" target=\"_blank\" rel=\"nofollow noopener\"><i class=\"fas fa-file-pdf\"><\/i><\/a><\/li>\n<li><span class=\"versaleta\"><em>bocv<\/em><\/span> 196, 20.10.2021: convocat\u00f2ria de concurs oposici\u00f3 per a la provisi\u00f3 de dues places de t\u00e8cnic superior especialitzat o t\u00e8cnica superior especialitzada (assessor ling\u00fc\u00edstic o assessora ling\u00fc\u00edstica) <a href=\"https:\/\/www.cortsvalencianes.es\/publicaciones-CV\/obtenerPdfBO?f_id_bocv=X00196000&amp;idioma=ca_VA\" target=\"_blank\" rel=\"nofollow noopener\"><i class=\"fas fa-file-pdf\"><\/i><\/a><\/li>\n<\/ul>\n<p>Els terminis de presentaci\u00f3 de so\u0140licituds s\u00f3n de deu dies naturals en el primer cas i de vint dies h\u00e0bils en el segon, en els dos casos a partir de l&#8217;endem\u00e0 de la publicaci\u00f3 de les convocat\u00f2ries.<\/p>\n","protected":false},"excerpt":{"rendered":"<p>La setmana passada es van publicar dos convocat\u00f2ries d&#8217;inter\u00e9s laboral per als professionals de la producci\u00f3 ling\u00fc\u00edstica de dos institucions p\u00fabliques (les Corts Valencianes i la Societat An\u00f2nima dels Mitjans de Comunicaci\u00f3 de la Comunitat Valenciana): dogv 9.196, 18.10.2021: constituci\u00f3 de la borsa de treball temporal per a la contractaci\u00f3 laboral temporal en la categoria [&hellip;]<\/p>\n","protected":false},"author":56,"featured_media":0,"comment_status":"open","ping_status":"open","sticky":false,"template":"","format":"standard","meta":{"footnotes":""},"categories":[43,15,18,26],"tags":[531,313],"class_list":["post-4226","post","type-post","status-publish","format-standard","hentry","category-concursos","category-laboral","category-oposicions","category-serveis-linguistics","tag-corts-valencianes","tag-mitjans-de-comunicacio"],"_links":{"self":[{"href":"https:\/\/www.cdlpv.org\/dtl\/wp-json\/wp\/v2\/posts\/4226","targetHints":{"allow":["GET"]}}],"collection":[{"href":"https:\/\/www.cdlpv.org\/dtl\/wp-json\/wp\/v2\/posts"}],"about":[{"href":"https:\/\/www.cdlpv.org\/dtl\/wp-json\/wp\/v2\/types\/post"}],"author":[{"embeddable":true,"href":"https:\/\/www.cdlpv.org\/dtl\/wp-json\/wp\/v2\/users\/56"}],"replies":[{"embeddable":true,"href":"https:\/\/www.cdlpv.org\/dtl\/wp-json\/wp\/v2\/comments?post=4226"}],"version-history":[{"count":2,"href":"https:\/\/www.cdlpv.org\/dtl\/wp-json\/wp\/v2\/posts\/4226\/revisions"}],"predecessor-version":[{"id":4228,"href":"https:\/\/www.cdlpv.org\/dtl\/wp-json\/wp\/v2\/posts\/4226\/revisions\/4228"}],"wp:attachment":[{"href":"https:\/\/www.cdlpv.org\/dtl\/wp-json\/wp\/v2\/media?parent=4226"}],"wp:term":[{"taxonomy":"category","embeddable":true,"href":"https:\/\/www.cdlpv.org\/dtl\/wp-json\/wp\/v2\/categories?post=4226"},{"taxonomy":"post_tag","embeddable":true,"href":"https:\/\/www.cdlpv.org\/dtl\/wp-json\/wp\/v2\/tags?post=4226"}],"curies":[{"name":"wp","href":"https:\/\/api.w.org\/{rel}","templated":true}]}}