{"id":422,"date":"2008-06-26T17:05:55","date_gmt":"2008-06-26T16:05:55","guid":{"rendered":"http:\/\/www.cdlpv.org\/dtl\/?p=422"},"modified":"2008-06-26T17:05:55","modified_gmt":"2008-06-26T16:05:55","slug":"intel%c2%b7lectuals-impositius","status":"publish","type":"post","link":"https:\/\/www.cdlpv.org\/dtl\/2008\/06\/26\/intel%c2%b7lectuals-impositius\/","title":{"rendered":"Intel\u00b7lectuals impositius"},"content":{"rendered":"<p>Una colla d&#8217;intel\u00b7lectuals hispanoparlants han elaborat un manifest en defensa del castell\u00e0, defensa que consistix en impedir la igualtat de dret dels ciutadans que desitgen fer \u00fas de qualsevol de les lleng\u00fces oficials del seu pa\u00eds. En eixe sentit, tracten d&#8217;imposar una llengua que diuen comuna, obviant que ja fa segles que \u00e9s imposada per les armes o mitjan\u00e7ant instruments legals \u2014que no designarem, \u00e9s clar, <em>just\u00edcia<\/em>\u2014 i que, simplement, eixa situaci\u00f3 de privilegis dels castellanoparlants i de discriminaci\u00f3 i marginaci\u00f3 permanent dels altres parlants s\u00f3n els factors que els ha dut, com xiquets malcriats, a concloure que les altres lleng\u00fces no servixen m\u00e9s que per a torcar botes, fent un paral\u00b7lelisme amb una expressi\u00f3 coneguda en societats racistes.<\/p>\n<p>No far\u00e9 ara la faena de traduir el manifest, que podeu localitzar en <em>El Pa\u00eds<\/em> <a href=\"http:\/\/www.elpais.com\/articulo\/espana\/Manifiesto\/lengua\/comun\/elpepuesp\/20080623elpepunac_29\/Tes\" target=\"_blank\">(23.06.2008)<\/a>, ni la <a href=\"http:\/\/www.elpais.com\/articulo\/espana\/veintena\/intelectuales\/reclama\/reformas\/defender\/castellano\/elpepiesp\/20080624elpepinac_8\/Tes\" target=\"_blank\">not\u00edcia<\/a> que van elaborar en el mateix diari, per\u00f2 s\u00f3n refer\u00e8ncies que els t\u00e8cnics ling\u00fc\u00edstics han de tindre presents, \u00e9s clar.<\/p>\n<p>Nom\u00e9s afegir\u00e9 que, atesa la <em>matraca<\/em> permanent en les not\u00edcies d&#8217;eixe diari referides als milions de parlants de castell\u00e0, als \u00e8xits d&#8217;eixa llengua en la seua <em>conquesta<\/em> de tots els \u00e0mbits del m\u00f3n, not\u00edcies que no solen brillar pel rigor ni per la reflexi\u00f3 sobre si aix\u00f2 \u00e9s m\u00ednimament positiu per a la humanitat, tinc seriosos dubtes sobre l&#8217;honradesa intel\u00b7lectual de molts periodistes, m\u00e9s encara perqu\u00e8 els articles d&#8217;alguns altres professionals s\u00f3n una refer\u00e8ncia de tot el contrari, com ara la faena que fan Soledad Gallego-D\u00edaz o Vidal-Beneyto. Curiosament, esta setmana Josep Ramoneda fa un toc ben expressiu sobre estes q\u00fcestions en el seu <a href=\"http:\/\/www.elpais.com\/articulo\/espana\/negacion\/nacionalismo\/espanol\/elpepiesp\/20080626elpepinac_10\/Tes\" target=\"_blank\">article<\/a> \u00abLa negaci\u00f3n del nacionalismo espa\u00f1ol\u00bb.<\/p>\n","protected":false},"excerpt":{"rendered":"<p>Una colla d&#8217;intel\u00b7lectuals hispanoparlants han elaborat un manifest en defensa del castell\u00e0, defensa que consistix en impedir la igualtat de dret dels ciutadans que desitgen fer \u00fas de qualsevol de les lleng\u00fces oficials del seu pa\u00eds. En eixe sentit, tracten d&#8217;imposar una llengua que diuen comuna, obviant que ja fa segles que \u00e9s imposada per [&hellip;]<\/p>\n","protected":false},"author":2,"featured_media":0,"comment_status":"open","ping_status":"open","sticky":false,"template":"","format":"standard","meta":{"footnotes":""},"categories":[36,2,1,19,24],"tags":[],"class_list":["post-422","post","type-post","status-publish","format-standard","hentry","category-allofobia","category-comunicacio","category-general","category-politica","category-requisit-linguistic"],"_links":{"self":[{"href":"https:\/\/www.cdlpv.org\/dtl\/wp-json\/wp\/v2\/posts\/422","targetHints":{"allow":["GET"]}}],"collection":[{"href":"https:\/\/www.cdlpv.org\/dtl\/wp-json\/wp\/v2\/posts"}],"about":[{"href":"https:\/\/www.cdlpv.org\/dtl\/wp-json\/wp\/v2\/types\/post"}],"author":[{"embeddable":true,"href":"https:\/\/www.cdlpv.org\/dtl\/wp-json\/wp\/v2\/users\/2"}],"replies":[{"embeddable":true,"href":"https:\/\/www.cdlpv.org\/dtl\/wp-json\/wp\/v2\/comments?post=422"}],"version-history":[{"count":0,"href":"https:\/\/www.cdlpv.org\/dtl\/wp-json\/wp\/v2\/posts\/422\/revisions"}],"wp:attachment":[{"href":"https:\/\/www.cdlpv.org\/dtl\/wp-json\/wp\/v2\/media?parent=422"}],"wp:term":[{"taxonomy":"category","embeddable":true,"href":"https:\/\/www.cdlpv.org\/dtl\/wp-json\/wp\/v2\/categories?post=422"},{"taxonomy":"post_tag","embeddable":true,"href":"https:\/\/www.cdlpv.org\/dtl\/wp-json\/wp\/v2\/tags?post=422"}],"curies":[{"name":"wp","href":"https:\/\/api.w.org\/{rel}","templated":true}]}}