{"id":421,"date":"2008-06-25T09:03:07","date_gmt":"2008-06-25T08:03:07","guid":{"rendered":"http:\/\/www.cdlpv.org\/dtl\/?p=421"},"modified":"2008-06-25T09:03:07","modified_gmt":"2008-06-25T08:03:07","slug":"flaixos-sobre-el-catala-a-lensenyament-de-les-illes-balears","status":"publish","type":"post","link":"https:\/\/www.cdlpv.org\/dtl\/2008\/06\/25\/flaixos-sobre-el-catala-a-lensenyament-de-les-illes-balears\/","title":{"rendered":"Flaixos sobre el catal\u00e0 a l&#8217;ensenyament de les Illes Balears"},"content":{"rendered":"<p>Els <em>Flaixos<\/em> n\u00famero 16 <a href=\"http:\/\/www20.gencat.cat\/portal\/site\/Llengcat\/menuitem.08f45c9e3857090e3285bdb1b0c0e1a0\/?vgnextoid=cedaaa22b7103110VgnVCM1000008d0c1e0aRCRD&#038;vgnextchannel=cedaaa22b7103110VgnVCM1000008d0c1e0aRCRD&#038;vgnextfmt=default\" target=\"_blank\">(17.06.2008)<\/a> ens informen sobre la regulaci\u00f3 de la llengua catalana com a llengua vehicular i d&#8217;aprenentatge en l&#8217;ensenyament a les Illes Balears:<\/p>\n<blockquote><p>\nS\u2019ha publicat el Decret 67\/2008, de 6 de juny, pel qual s\u2019estableix l\u2019ordenaci\u00f3 general dels ensenyaments de l\u2019educaci\u00f3 infantil, l\u2019educaci\u00f3 prim\u00e0ria i l\u2019educaci\u00f3 secund\u00e0ria obligat\u00f2ria a les Illes Balears (BOIB n\u00fam. 83, de 14 de juny de 2008; <a href=\"http:\/\/boib.caib.es\/pdf\/2008083\/mp5.pdf\" target=\"_blank\"><span class=\"versaleta\">[pdf]<\/span><\/a>). Aquesta disposici\u00f3 estableix, en l\u2019article 6, que la llengua catalana, pr\u00f2pia de les Illes Balears, \u00e9s la llengua de l\u2019ensenyament, i en regula l\u2019\u00fas com a llengua vehicular i d\u2019aprenentatge de l\u2019educaci\u00f3 infantil, l\u2019educaci\u00f3 prim\u00e0ria, i de l\u2019educaci\u00f3 secund\u00e0ria obligat\u00f2ria. Aix\u00ed mateix, aquest Decret deroga,  entre altres disposicions, l\u2019Ordre de 13 de setembre de 2004, per la qual es regula el dret dels pares, les mares o els tutors legals, a elegir la llengua del primer ensenyament dels alumnes dels centres sostinguts amb fons p\u00fablics.\n<\/p><\/blockquote>\n","protected":false},"excerpt":{"rendered":"<p>Els Flaixos n\u00famero 16 (17.06.2008) ens informen sobre la regulaci\u00f3 de la llengua catalana com a llengua vehicular i d&#8217;aprenentatge en l&#8217;ensenyament a les Illes Balears: S\u2019ha publicat el Decret 67\/2008, de 6 de juny, pel qual s\u2019estableix l\u2019ordenaci\u00f3 general dels ensenyaments de l\u2019educaci\u00f3 infantil, l\u2019educaci\u00f3 prim\u00e0ria i l\u2019educaci\u00f3 secund\u00e0ria obligat\u00f2ria a les Illes Balears [&hellip;]<\/p>\n","protected":false},"author":2,"featured_media":0,"comment_status":"open","ping_status":"open","sticky":false,"template":"","format":"standard","meta":{"footnotes":""},"categories":[2,1,24],"tags":[179,206,240],"class_list":["post-421","post","type-post","status-publish","format-standard","hentry","category-comunicacio","category-general","category-requisit-linguistic","tag-ensenyament","tag-flaixos-dactualitat","tag-illes-balears"],"_links":{"self":[{"href":"https:\/\/www.cdlpv.org\/dtl\/wp-json\/wp\/v2\/posts\/421","targetHints":{"allow":["GET"]}}],"collection":[{"href":"https:\/\/www.cdlpv.org\/dtl\/wp-json\/wp\/v2\/posts"}],"about":[{"href":"https:\/\/www.cdlpv.org\/dtl\/wp-json\/wp\/v2\/types\/post"}],"author":[{"embeddable":true,"href":"https:\/\/www.cdlpv.org\/dtl\/wp-json\/wp\/v2\/users\/2"}],"replies":[{"embeddable":true,"href":"https:\/\/www.cdlpv.org\/dtl\/wp-json\/wp\/v2\/comments?post=421"}],"version-history":[{"count":0,"href":"https:\/\/www.cdlpv.org\/dtl\/wp-json\/wp\/v2\/posts\/421\/revisions"}],"wp:attachment":[{"href":"https:\/\/www.cdlpv.org\/dtl\/wp-json\/wp\/v2\/media?parent=421"}],"wp:term":[{"taxonomy":"category","embeddable":true,"href":"https:\/\/www.cdlpv.org\/dtl\/wp-json\/wp\/v2\/categories?post=421"},{"taxonomy":"post_tag","embeddable":true,"href":"https:\/\/www.cdlpv.org\/dtl\/wp-json\/wp\/v2\/tags?post=421"}],"curies":[{"name":"wp","href":"https:\/\/api.w.org\/{rel}","templated":true}]}}