{"id":4202,"date":"2021-08-18T13:00:53","date_gmt":"2021-08-18T12:00:53","guid":{"rendered":"https:\/\/www.cdlpv.org\/dtl\/?p=4202"},"modified":"2021-08-19T08:12:03","modified_gmt":"2021-08-19T07:12:03","slug":"llistes-de-musica-en-valencia-catala","status":"publish","type":"post","link":"https:\/\/www.cdlpv.org\/dtl\/2021\/08\/18\/llistes-de-musica-en-valencia-catala\/","title":{"rendered":"Llistes de m\u00fasica en valenci\u00e0-catal\u00e0"},"content":{"rendered":"<figure id=\"attachment_4203\" aria-describedby=\"caption-attachment-4203\" style=\"width: 300px\" class=\"wp-caption aligncenter\"><a href=\"https:\/\/open.spotify.com\/user\/do4d4bfcagnow344pv7un19uc\/playlists\"><img loading=\"lazy\" decoding=\"async\" class=\"wp-image-4203 size-medium\" src=\"http:\/\/www.cdlpv.org\/dtl\/wp-content\/uploads\/2021\/08\/Spotify-vlc-300x292.png\" alt=\"Llistes de m\u00fasica en valenci\u00e0\" width=\"300\" height=\"292\" srcset=\"https:\/\/www.cdlpv.org\/dtl\/wp-content\/uploads\/2021\/08\/Spotify-vlc-300x292.png 300w, https:\/\/www.cdlpv.org\/dtl\/wp-content\/uploads\/2021\/08\/Spotify-vlc.png 715w\" sizes=\"auto, (max-width: 300px) 100vw, 300px\" \/><\/a><figcaption id=\"caption-attachment-4203\" class=\"wp-caption-text\"><span style=\"font-size: 10pt;\">Llistes de m\u00fasica elaborades pel Gabinet de Normalitzaci\u00f3 Ling\u00fc\u00edstica de l\u2019Ajuntament de Val\u00e8ncia.<\/span><\/figcaption><\/figure>\n<p>El Gabinet de Normalitzaci\u00f3 Ling\u00fc\u00edstica <span class=\"versaleta\">(gnl)<\/span> de l&#8217;Ajuntament de Val\u00e8ncia ha recopilat i penjat en la xarxa unes quantes llistes de reproducci\u00f3 de m\u00fasica classificades per g\u00e8neres (i subg\u00e8neres) musicals o per altres tem\u00e0tiques relacionades amb possibles necessitats o interessos dels oients, com ara \u00abM\u00fasica per a cuinar\u00bb, \u00abRelax i calma\u00bb o \u00abCan\u00e7ons per al 8M\u00bb.<\/p>\n<p>El peri\u00f2dic en l\u00ednia <em>Nosaltres La Veu<\/em> (<a href=\"https:\/\/www.nosaltreslaveu.cat\/noticia\/48206\/llistes-musica-valencia-catala-elaborades-ajuntament-valencia\" target=\"_blank\" rel=\"noopener\">11.088.2021<\/a>) informa sobre la quantitat de llistes, de seguidors, etc., dades que es poden comprovar en l&#8217;<a href=\"https:\/\/open.spotify.com\/user\/do4d4bfcagnow344pv7un19uc\/playlists\" target=\"_blank\" rel=\"noopener nofollow\">Spotify<\/a> mateix mentres escolteu la m\u00fasica que m\u00e9s vos interesse en cada moment, i on podeu trobar llistes semblants elaborades per altres usuaris del servei, com ara:<\/p>\n<ul>\n<li>\u00ab\u00c8xits en catal\u00e0\u00bb <a href=\"https:\/\/open.spotify.com\/playlist\/4YOie8FbCkBPz36zUNGQx5\" target=\"_blank\" rel=\"nofollow noopener\"><i class=\"fas fa-external-link-alt\"><\/i><\/a><\/li>\n<li>\u00abM\u00fasica en valenci\u00e0\u00bb <a href=\"https:\/\/open.spotify.com\/playlist\/3kdHejaFdHQTo19YRNeSZZ\" target=\"_blank\" rel=\"nofollow noopener\"><i class=\"fas fa-external-link-alt\"><\/i><\/a><\/li>\n<li>\u00abM\u00fasica valenciana\u00bb <a href=\"https:\/\/open.spotify.com\/playlist\/4yxLTytoQPjutZeMtywxVQ\" target=\"_blank\" rel=\"nofollow noopener\"><i class=\"fas fa-external-link-alt\"><\/i><\/a><\/li>\n<li>\u00abM\u00fasica en catal\u00e0-valenci\u00e0-balear\u00bb <a href=\"https:\/\/open.spotify.com\/playlist\/5mvnibvKmBteSSaUjRQP6t\" target=\"_blank\" rel=\"nofollow noopener\"><i class=\"fas fa-external-link-alt\"><\/i><\/a><\/li>\n<li>\u00abValenci\u00e0\u00bb <a href=\"https:\/\/open.spotify.com\/playlist\/2M79f2h3pvwzBCu94lMmrq\" target=\"_blank\" rel=\"nofollow noopener\"><i class=\"fas fa-external-link-alt\"><\/i><\/a><\/li>\n<\/ul>\n","protected":false},"excerpt":{"rendered":"<p>El Gabinet de Normalitzaci\u00f3 Ling\u00fc\u00edstica (gnl) de l&#8217;Ajuntament de Val\u00e8ncia ha recopilat i penjat en la xarxa unes quantes llistes de reproducci\u00f3 de m\u00fasica classificades per g\u00e8neres (i subg\u00e8neres) musicals o per altres tem\u00e0tiques relacionades amb possibles necessitats o interessos dels oients, com ara \u00abM\u00fasica per a cuinar\u00bb, \u00abRelax i calma\u00bb o \u00abCan\u00e7ons per al [&hellip;]<\/p>\n","protected":false},"author":56,"featured_media":0,"comment_status":"open","ping_status":"open","sticky":false,"template":"","format":"standard","meta":{"footnotes":""},"categories":[2,47,26,27],"tags":[50,535],"class_list":["post-4202","post","type-post","status-publish","format-standard","hentry","category-comunicacio","category-planificacio","category-serveis-linguistics","category-sociolinguistica","tag-administracio-local","tag-musica"],"_links":{"self":[{"href":"https:\/\/www.cdlpv.org\/dtl\/wp-json\/wp\/v2\/posts\/4202","targetHints":{"allow":["GET"]}}],"collection":[{"href":"https:\/\/www.cdlpv.org\/dtl\/wp-json\/wp\/v2\/posts"}],"about":[{"href":"https:\/\/www.cdlpv.org\/dtl\/wp-json\/wp\/v2\/types\/post"}],"author":[{"embeddable":true,"href":"https:\/\/www.cdlpv.org\/dtl\/wp-json\/wp\/v2\/users\/56"}],"replies":[{"embeddable":true,"href":"https:\/\/www.cdlpv.org\/dtl\/wp-json\/wp\/v2\/comments?post=4202"}],"version-history":[{"count":11,"href":"https:\/\/www.cdlpv.org\/dtl\/wp-json\/wp\/v2\/posts\/4202\/revisions"}],"predecessor-version":[{"id":4214,"href":"https:\/\/www.cdlpv.org\/dtl\/wp-json\/wp\/v2\/posts\/4202\/revisions\/4214"}],"wp:attachment":[{"href":"https:\/\/www.cdlpv.org\/dtl\/wp-json\/wp\/v2\/media?parent=4202"}],"wp:term":[{"taxonomy":"category","embeddable":true,"href":"https:\/\/www.cdlpv.org\/dtl\/wp-json\/wp\/v2\/categories?post=4202"},{"taxonomy":"post_tag","embeddable":true,"href":"https:\/\/www.cdlpv.org\/dtl\/wp-json\/wp\/v2\/tags?post=4202"}],"curies":[{"name":"wp","href":"https:\/\/api.w.org\/{rel}","templated":true}]}}