{"id":42,"date":"2007-03-10T21:10:26","date_gmt":"2007-03-10T20:10:26","guid":{"rendered":"http:\/\/www.cdlpv.org\/dtl\/?p=42"},"modified":"2007-03-10T21:10:26","modified_gmt":"2007-03-10T20:10:26","slug":"42","status":"publish","type":"post","link":"https:\/\/www.cdlpv.org\/dtl\/2007\/03\/10\/42\/","title":{"rendered":"Dos beques de col\u00b7laboraci\u00f3 a Sagunt"},"content":{"rendered":"<p align=\"right\"><tt>Tret de <a href=\"http:\/\/es.groups.yahoo.com\/group\/migjorn_1\/\">Migjorn<\/a>; informaci\u00f3 d'\u00d2scar P\u00e9rez Silvestre.<a href=\"http:\/\/es.groups.yahoo.com\/group\/migjorn_1\/\"><br \/>\n<\/a><\/tt><\/p>\n<h2 align=\"center\">ANUNCI<\/h2>\n<p>La Junta de Govern Local, en la sessi\u00f3 del dia 7 de mar\u00e7 de 2007, va  aprovar les bases que regulen la convocat\u00f2ria de 2 beques de  col\u00b7laboraci\u00f3 en mat\u00e8ria de normalitzaci\u00f3 ling\u00fc\u00edstica. Les bases es podran recollir als llocs seg\u00fcents:<br \/>\n\u2014Informaci\u00f3 i registre de l&#8217;Ajuntament de Sagunt, de la Tin\u00e8ncia d&#8217;Alcaldia de Sagunt-Port i de les oficines municipals de Baladre<br \/>\n\u2014 Gabinet de Promoci\u00f3 del Valenci\u00e0 (c\/ Castell, 24).<\/p>\n<p>El termini de presentaci\u00f3 de sol\u00b7licituds s&#8217;iniciar\u00e0 a partir de  l&#8217;endem\u00e0 a la publicaci\u00f3 d&#8217;aquest anunci en un dels diaris valencians de  major difusi\u00f3 i finalitzar\u00e0 als trenta dies naturals. Les inst\u00e0ncies i la documentaci\u00f3 requerida per a prendre-hi part han de  presentar-se en qualsevol de les oficines d&#8217;informaci\u00f3 i registre abans  esmentades, o b\u00e9 segons la forma que estableix l&#8217;article 38 de la Llei  30\/92, de 26 de novembre, de r\u00e8gim jur\u00eddic de les administracions  p\u00fabliques i del procediment administratiu com\u00fa.<\/p>\n<p>M\u00e9s informaci\u00f3:<br \/>\nGabinet de Promoci\u00f3 del Valenci\u00e0<br \/>\nTel. 96 265 58 58 (ext. 301)<\/p>\n","protected":false},"excerpt":{"rendered":"<p>Tret de Migjorn; informaci\u00f3 d&#8217;\u00d2scar P\u00e9rez Silvestre. ANUNCI La Junta de Govern Local, en la sessi\u00f3 del dia 7 de mar\u00e7 de 2007, va aprovar les bases que regulen la convocat\u00f2ria de 2 beques de col\u00b7laboraci\u00f3 en mat\u00e8ria de normalitzaci\u00f3 ling\u00fc\u00edstica. Les bases es podran recollir als llocs seg\u00fcents: \u2014Informaci\u00f3 i registre de l&#8217;Ajuntament de [&hellip;]<\/p>\n","protected":false},"author":4,"featured_media":0,"comment_status":"open","ping_status":"open","sticky":false,"template":"","format":"standard","meta":{"footnotes":""},"categories":[1,15,47],"tags":[],"class_list":["post-42","post","type-post","status-publish","format-standard","hentry","category-general","category-laboral","category-planificacio"],"_links":{"self":[{"href":"https:\/\/www.cdlpv.org\/dtl\/wp-json\/wp\/v2\/posts\/42","targetHints":{"allow":["GET"]}}],"collection":[{"href":"https:\/\/www.cdlpv.org\/dtl\/wp-json\/wp\/v2\/posts"}],"about":[{"href":"https:\/\/www.cdlpv.org\/dtl\/wp-json\/wp\/v2\/types\/post"}],"author":[{"embeddable":true,"href":"https:\/\/www.cdlpv.org\/dtl\/wp-json\/wp\/v2\/users\/4"}],"replies":[{"embeddable":true,"href":"https:\/\/www.cdlpv.org\/dtl\/wp-json\/wp\/v2\/comments?post=42"}],"version-history":[{"count":0,"href":"https:\/\/www.cdlpv.org\/dtl\/wp-json\/wp\/v2\/posts\/42\/revisions"}],"wp:attachment":[{"href":"https:\/\/www.cdlpv.org\/dtl\/wp-json\/wp\/v2\/media?parent=42"}],"wp:term":[{"taxonomy":"category","embeddable":true,"href":"https:\/\/www.cdlpv.org\/dtl\/wp-json\/wp\/v2\/categories?post=42"},{"taxonomy":"post_tag","embeddable":true,"href":"https:\/\/www.cdlpv.org\/dtl\/wp-json\/wp\/v2\/tags?post=42"}],"curies":[{"name":"wp","href":"https:\/\/api.w.org\/{rel}","templated":true}]}}