{"id":419,"date":"2008-06-24T13:35:29","date_gmt":"2008-06-24T12:35:29","guid":{"rendered":"http:\/\/www.cdlpv.org\/dtl\/?p=419"},"modified":"2008-06-24T13:35:29","modified_gmt":"2008-06-24T12:35:29","slug":"la-identitat-nacional-i-la-llengua-segons-el-cis-2007","status":"publish","type":"post","link":"https:\/\/www.cdlpv.org\/dtl\/2008\/06\/24\/la-identitat-nacional-i-la-llengua-segons-el-cis-2007\/","title":{"rendered":"La identitat nacional i la llengua, segons el CIS 2007"},"content":{"rendered":"<p>El Centro de Investigaciones Sociol\u00f3gicas (<span class=\"versaleta\">cis<\/span>) f\u00e9u una enquesta sobre la \u00abidentitat nacional\u00bb en el 2007, <a href=\"http:\/\/www.cis.es\/cis\/opencms\/-Archivos\/Marginales\/2660_2679\/2667\/e266702.html\" target=\"_blank\">dades<\/a> que hem conegut ara. El diari <em>El Pa\u00eds<\/em> <a href=\"http:\/\/www.elpais.com\/articulo\/Comunidad\/Valenciana\/valencianos\/tiene\/castellano\/primer\/idioma\/elpepiespval\/20080623elpval_2\/Tes\" target=\"_blank\">(23.06.2008)<\/a> feia la seua faena en un titular:<\/p>\n<blockquote>\n<h2>El 60% dels valencians t\u00e9 el castell\u00e0 com a primer idioma<\/h2>\n<h3>El 55% diu que es sent tan espanyol como valenci\u00e0, segons una enquesta del CIS<\/h3>\n<\/blockquote>\n<p>Per\u00f2, com \u00e9s comprensible, el que cal per a entendre una mica l&#8217;estat actual del nostre pa\u00eds \u00e9s vore les dades de l&#8217;enquesta. Nom\u00e9s destacarem els tres quadres seg\u00fcents amb les dades del Pa\u00eds Valenci\u00e0:<\/p>\n<blockquote>\n<li> Pregunta 29: \u00bfQu\u00e9 lengua se hablaba en su casa cuando era Ud. un\/a ni\u00f1o\/a habitualmente?<br \/>\n<table class=\"Table\" cellspacing=\"1\" cellpadding=\"7\" rules=\"groups\" frame=\"box\" border=\"1px\">\n<thead>\n<tr>\n<th class=\"c m Header\" scope=\"col\">&nbsp;<\/th>\n<th class=\"c Header\" scope=\"col\">         %<\/th>\n<th class=\"c Header\" scope=\"col\">       (N)<\/th>\n<\/tr>\n<\/thead>\n<tbody>\n<tr>\n<th class=\"l t RowHeader\" scope=\"row\">La lengua de mi comunidad aut\u00f3noma                                                                                                                                                                                                                             <\/th>\n<td class=\"r b Data\">    28.8<\/td>\n<td class=\"r b Data\">   (173)<\/td>\n<\/tr>\n<tr>\n<th class=\"l t RowHeader\" scope=\"row\">Castellano                                                                                                                                                                                                                                                     <\/th>\n<td class=\"r b Data\">    60.8<\/td>\n<td class=\"r b Data\">   (365)<\/td>\n<\/tr>\n<tr>\n<th class=\"l t RowHeader\" scope=\"row\">Las dos lenguas                                                                                                                                                                                                                                                <\/th>\n<td class=\"r b Data\">     9.5<\/td>\n<td class=\"r b Data\">    (57)<\/td>\n<\/tr>\n<tr>\n<th class=\"l t RowHeader\" scope=\"row\">Otra lengua                                                                                                                                                                                                                                                    <\/th>\n<td class=\"r b Data\">     0.8<\/td>\n<td class=\"r b Data\">     (5)<\/td>\n<\/tr>\n<tr>\n<th class=\"l t RowHeader\" scope=\"row\">TOTAL<\/th>\n<td class=\"r b Data\">   100.0<\/td>\n<td class=\"r b Data\">   (600)<\/td>\n<\/tr>\n<\/tbody>\n<\/table>\n<\/li>\n<hr \/>\n<\/hr>\n<li>Pregunta 30: Respecto al catal\u00e1n\/valenciano\/euskera\/gallego, \u00bfpodr\u00eda decirme si&#8230;?<br \/>\n<table class=\"Table\" cellspacing=\"1\" cellpadding=\"7\" rules=\"groups\" frame=\"box\" border=\"1px\">\n<thead>\n<tr>\n<th class=\"c m Header\" scope=\"col\">&nbsp;<\/th>\n<th class=\"c Header\" scope=\"col\">S\u00ed                                                                                                                                                                                                                                                             <\/th>\n<th class=\"c Header\" scope=\"col\">| No                                                                                                                                                                                                                                                             <\/th>\n<th class=\"c Header\" scope=\"col\">| N.C.                                                                                                                                                                                                                                                           <\/th>\n<th class=\"c Header\" scope=\"col\">| (N)<\/th>\n<\/tr>\n<\/thead>\n<tbody>\n<tr>\n<th class=\"l t RowHeader\" scope=\"row\">Lo entiende                                                                                                                                                                                                                                                    <\/th>\n<td class=\"r b Data\">94.7<\/td>\n<td class=\"r b Data\">| 5.3<\/td>\n<td class=\"r b Data\">| &#8212;<\/td>\n<td class=\"r b Data\">| (600)<\/td>\n<\/tr>\n<tr>\n<th class=\"l t RowHeader\" scope=\"row\">Lo habla con fluidez                                                                                                                                                                                                                                           <\/th>\n<td class=\"r b Data\">55.7<\/td>\n<td class=\"r b Data\">| 44.2<\/td>\n<td class=\"r b Data\">| 0.2<\/td>\n<td class=\"r b Data\">| (600)<\/td>\n<\/tr>\n<tr>\n<th class=\"l t RowHeader\" scope=\"row\">Lo lee                                                                                                                                                                                                                                                         <\/th>\n<td class=\"r b Data\">62.3<\/td>\n<td class=\"r b Data\">| 37.5<\/td>\n<td class=\"r b Data\">| 0.2<\/td>\n<td class=\"r b Data\">| (600)<\/td>\n<\/tr>\n<tr>\n<th class=\"l t RowHeader\" scope=\"row\">Lo escribe                                                                                                                                                                                                                                                     <\/th>\n<td class=\"r b Data\">35.7<\/td>\n<td class=\"r b Data\">| 64.2<\/td>\n<td class=\"r b Data\">| 0.2<\/td>\n<td class=\"r b Data\">| (600)<\/td>\n<\/tr>\n<\/tbody>\n<\/table>\n<\/li>\n<hr \/>\n<\/hr>\n<li>Pregunta 31: Y si alguien le preguntara, \u00bfdir\u00eda Ud. que es m\u00e1s bien castellano-parlante o m\u00e1s bien (lengua C.A.)-parlante?<br \/>\n<table class=\"Table\" cellspacing=\"1\" cellpadding=\"7\" rules=\"groups\" frame=\"box\" border=\"1px\">\n<thead>\n<tr>\n<th class=\"c m Header\" scope=\"col\">&nbsp;<\/th>\n<th class=\"c Header\" scope=\"col\">         %<\/th>\n<th class=\"c Header\" scope=\"col\">       (N)<\/th>\n<\/tr>\n<\/thead>\n<tbody>\n<tr>\n<th class=\"l t RowHeader\" scope=\"row\">M\u00e1s bien castellano-parlante                                                                                                                                                                                                                                   <\/th>\n<td class=\"r b Data\">    60.5<\/td>\n<td class=\"r b Data\">   (363)<\/td>\n<\/tr>\n<tr>\n<th class=\"l t RowHeader\" scope=\"row\">M\u00e1s bien lengua auton\u00f3mica-parlante comunidad                                                                                                                                                                                                                  <\/th>\n<td class=\"r b Data\">    21.7<\/td>\n<td class=\"r b Data\">   (130)<\/td>\n<\/tr>\n<tr>\n<th class=\"l t RowHeader\" scope=\"row\">Biling\u00fce                                                                                                                                                                                                                                                       <\/th>\n<td class=\"r b Data\">    17.5<\/td>\n<td class=\"r b Data\">   (105)<\/td>\n<\/tr>\n<tr>\n<th class=\"l t RowHeader\" scope=\"row\">Ninguna de las anteriores                                                                                                                                                                                                                                      <\/th>\n<td class=\"r b Data\">     0.2<\/td>\n<td class=\"r b Data\">     (1)<\/td>\n<\/tr>\n<tr>\n<th class=\"l t RowHeader\" scope=\"row\">N.C.                                                                                                                                                                                                                                                           <\/th>\n<td class=\"r b Data\">     0.2<\/td>\n<td class=\"r b Data\">     (1)<\/td>\n<\/tr>\n<tr>\n<th class=\"l t RowHeader\" scope=\"row\">TOTAL<\/th>\n<td class=\"r b Data\">   100.0<\/td>\n<td class=\"r b Data\">   (600)<\/td>\n<\/tr>\n<\/tbody>\n<\/table>\n<\/li>\n<\/blockquote>\n","protected":false},"excerpt":{"rendered":"<p>El Centro de Investigaciones Sociol\u00f3gicas (cis) f\u00e9u una enquesta sobre la \u00abidentitat nacional\u00bb en el 2007, dades que hem conegut ara. El diari El Pa\u00eds (23.06.2008) feia la seua faena en un titular: El 60% dels valencians t\u00e9 el castell\u00e0 com a primer idioma El 55% diu que es sent tan espanyol como valenci\u00e0, segons [&hellip;]<\/p>\n","protected":false},"author":2,"featured_media":0,"comment_status":"open","ping_status":"open","sticky":false,"template":"","format":"standard","meta":{"footnotes":""},"categories":[1],"tags":[444],"class_list":["post-419","post","type-post","status-publish","format-standard","hentry","category-general","tag-socioestadistica"],"_links":{"self":[{"href":"https:\/\/www.cdlpv.org\/dtl\/wp-json\/wp\/v2\/posts\/419","targetHints":{"allow":["GET"]}}],"collection":[{"href":"https:\/\/www.cdlpv.org\/dtl\/wp-json\/wp\/v2\/posts"}],"about":[{"href":"https:\/\/www.cdlpv.org\/dtl\/wp-json\/wp\/v2\/types\/post"}],"author":[{"embeddable":true,"href":"https:\/\/www.cdlpv.org\/dtl\/wp-json\/wp\/v2\/users\/2"}],"replies":[{"embeddable":true,"href":"https:\/\/www.cdlpv.org\/dtl\/wp-json\/wp\/v2\/comments?post=419"}],"version-history":[{"count":0,"href":"https:\/\/www.cdlpv.org\/dtl\/wp-json\/wp\/v2\/posts\/419\/revisions"}],"wp:attachment":[{"href":"https:\/\/www.cdlpv.org\/dtl\/wp-json\/wp\/v2\/media?parent=419"}],"wp:term":[{"taxonomy":"category","embeddable":true,"href":"https:\/\/www.cdlpv.org\/dtl\/wp-json\/wp\/v2\/categories?post=419"},{"taxonomy":"post_tag","embeddable":true,"href":"https:\/\/www.cdlpv.org\/dtl\/wp-json\/wp\/v2\/tags?post=419"}],"curies":[{"name":"wp","href":"https:\/\/api.w.org\/{rel}","templated":true}]}}