{"id":418,"date":"2008-06-20T12:59:58","date_gmt":"2008-06-20T11:59:58","guid":{"rendered":"http:\/\/www.cdlpv.org\/dtl\/?p=418"},"modified":"2008-06-20T12:59:58","modified_gmt":"2008-06-20T11:59:58","slug":"campanya-de-lectura-el-valencia","status":"publish","type":"post","link":"https:\/\/www.cdlpv.org\/dtl\/2008\/06\/20\/campanya-de-lectura-el-valencia\/","title":{"rendered":"Campanya de lectura en valenci\u00e0"},"content":{"rendered":"<p>Josep Cort\u00e9s i Roig ens envia informaci\u00f3 sobre una campanya que promou la lectura en valenci\u00e0:<\/p>\n<blockquote><p>\nHi ha molts motius per a llegir en valenci\u00e0, i un \u00e9s per a con\u00e9ixer-nos millor. Amb aquesta filosofia pr\u00e0ctica, la <a href=\"http:\/\/www.fundaciobromera.org\/\" target=\"_blank\">Fundaci\u00f3 Bromera per al Foment de la Lectura<\/a> enceta la tercera edici\u00f3 de la campanya \u00abLlegir en valenci\u00e0\u00bb. Enguany, la col\u00b7lecci\u00f3 de llibres (13 en total) estar\u00e0 formada per textos divulgadors sobre la gastronomia, les festes, els refranys, l&#8217;economia, l&#8217;art, la llengua, els personatges i la cultura dels valencians. Els textos, elaborats expressament per a l&#8217;ocasi\u00f3 per periodistes i supervisats per experts en cada mat\u00e8ria, es distribuiran els caps de setmana en els diaris <em>Levante-EMV<\/em> i <em>El Mundo<\/em>.<\/p>\n<p>La col\u00b7lecci\u00f3 comen\u00e7a hui divendres 20 de juny, amb el repartiment gratu\u00eft del llibre <em>Les nostres festes<\/em> en els diaris <em>Levante-EMV<\/em> i <em>El Mundo<\/em>.\n<\/p><\/blockquote>\n","protected":false},"excerpt":{"rendered":"<p>Josep Cort\u00e9s i Roig ens envia informaci\u00f3 sobre una campanya que promou la lectura en valenci\u00e0: Hi ha molts motius per a llegir en valenci\u00e0, i un \u00e9s per a con\u00e9ixer-nos millor. Amb aquesta filosofia pr\u00e0ctica, la Fundaci\u00f3 Bromera per al Foment de la Lectura enceta la tercera edici\u00f3 de la campanya \u00abLlegir en valenci\u00e0\u00bb. [&hellip;]<\/p>\n","protected":false},"author":2,"featured_media":0,"comment_status":"open","ping_status":"open","sticky":false,"template":"","format":"standard","meta":{"footnotes":""},"categories":[2,5,1],"tags":[273,291],"class_list":["post-418","post","type-post","status-publish","format-standard","hentry","category-comunicacio","category-edicio","category-general","tag-lectura","tag-llibres"],"_links":{"self":[{"href":"https:\/\/www.cdlpv.org\/dtl\/wp-json\/wp\/v2\/posts\/418","targetHints":{"allow":["GET"]}}],"collection":[{"href":"https:\/\/www.cdlpv.org\/dtl\/wp-json\/wp\/v2\/posts"}],"about":[{"href":"https:\/\/www.cdlpv.org\/dtl\/wp-json\/wp\/v2\/types\/post"}],"author":[{"embeddable":true,"href":"https:\/\/www.cdlpv.org\/dtl\/wp-json\/wp\/v2\/users\/2"}],"replies":[{"embeddable":true,"href":"https:\/\/www.cdlpv.org\/dtl\/wp-json\/wp\/v2\/comments?post=418"}],"version-history":[{"count":0,"href":"https:\/\/www.cdlpv.org\/dtl\/wp-json\/wp\/v2\/posts\/418\/revisions"}],"wp:attachment":[{"href":"https:\/\/www.cdlpv.org\/dtl\/wp-json\/wp\/v2\/media?parent=418"}],"wp:term":[{"taxonomy":"category","embeddable":true,"href":"https:\/\/www.cdlpv.org\/dtl\/wp-json\/wp\/v2\/categories?post=418"},{"taxonomy":"post_tag","embeddable":true,"href":"https:\/\/www.cdlpv.org\/dtl\/wp-json\/wp\/v2\/tags?post=418"}],"curies":[{"name":"wp","href":"https:\/\/api.w.org\/{rel}","templated":true}]}}