{"id":417,"date":"2008-06-18T22:31:20","date_gmt":"2008-06-18T21:31:20","guid":{"rendered":"http:\/\/www.cdlpv.org\/dtl\/?p=417"},"modified":"2008-06-18T22:31:20","modified_gmt":"2008-06-18T21:31:20","slug":"liec-i-els-francesos-impostats-les-corts-valencianes-i-lapartheid-valencia","status":"publish","type":"post","link":"https:\/\/www.cdlpv.org\/dtl\/2008\/06\/18\/liec-i-els-francesos-impostats-les-corts-valencianes-i-lapartheid-valencia\/","title":{"rendered":"L&#8217;IEC i els francesos impostats, les Corts valencianes i l&#8217;apartheid valenci\u00e0"},"content":{"rendered":"<p>Ens informa el diari <em>Avui<\/em> <a href=\"http:\/\/www.avui.cat\/article\/cultura_comunicacio\/33565\/liec\/exigeix\/una\/rectificacio\/lacademie\/francaise\/la\/carrega\/contra\/catala.html\" target=\"_blank\">(18.06.2008)<\/a> que l&#8217;IEC ha <a href=\"http:\/\/www2.iec.cat\/comunicacio\/AcadFrancesa.htm\" target=\"_blank\">reaccionat<\/a> davant el comunicat de l&#8217;Acad\u00e8mia Francesa (veg. <span class=\"versaleta\"><em>dtl<\/em><\/span>, <a href=\"http:\/\/www.cdlpv.org\/dtl\/?p=415\">17.06.2008<\/a>):<\/p>\n<blockquote>\n<h2>L&#8217;IEC exigeix a Par\u00eds una rectificaci\u00f3 de l&#8217;Acad\u00e9mie Fran\u00e7aise per la seva c\u00e0rrega contra el catal\u00e0<\/h2>\n<h3>L&#8217;Institut d&#8217;Estudis Catalans (IEC) ha exigit durant un acte a Par\u00eds que l&#8217;Acad\u00e9mie Fran\u00e7aise \u00abrectifiqui\u00bb en refer\u00e8ncia a la c\u00e0rrega contra la llengua catalana de la setmana passada, segons ha informat l&#8217;institut<\/h3>\n<\/blockquote>\n<p>I ara haur\u00edem de poder pensar que <span class=\"versaleta\">avl<\/span> pot ser que demane tamb\u00e9 explicacions identit\u00e0ries als francesos, tan aficionats com s\u00f3n als incendis identitatris els pr\u00f2cers m\u00e9s reaccionaris que seuen a l&#8217;hemicicle valenci\u00e0. No ser\u00e0 este el cas. En canvi, Josep Llu\u00eds Dom\u00e9nech (acad\u00e8mic de l&#8217;<span class=\"versaleta\">avl<\/span>) es mostrava molt indignat en el setmanari <em>El Punt<\/em> d&#8217;esta setmana amb la presidenta de les Corts, que f\u00e9u nom\u00e9s en castell\u00e0 el seu discurs de commemoraci\u00f3 del quart de segle de la instituci\u00f3:<\/p>\n<blockquote>[&#8230;] Arribe a pensar moltes vegades que aix\u00f2 \u00e9s el que es pret\u00e9n des de moltes inst\u00e0ncies, que ens convertim en un gueto en la nostra pr\u00f2pia terra. Vost\u00e9 est\u00e0 una mica cabrejat, senyor Dom\u00e9nech. No senyor, no. N&#8217;estic fart. Fart i indignat. En fi, que fa igual que l&#8217;acte s&#8217;haguera fet a Val\u00e8ncia que a Burgos o a Buenos Aires. Ja veus. I ac\u00ed no ha passat res. \u00bfQu\u00e8 hem celebrat, doncs? Perqu\u00e8 a Sud-\u00e0frica ning\u00fa celebrava l&#8217;<em>apartheid.<\/em> [&#8230;] <\/p><\/blockquote>\n","protected":false},"excerpt":{"rendered":"<p>Ens informa el diari Avui (18.06.2008) que l&#8217;IEC ha reaccionat davant el comunicat de l&#8217;Acad\u00e8mia Francesa (veg. dtl, 17.06.2008): L&#8217;IEC exigeix a Par\u00eds una rectificaci\u00f3 de l&#8217;Acad\u00e9mie Fran\u00e7aise per la seva c\u00e0rrega contra el catal\u00e0 L&#8217;Institut d&#8217;Estudis Catalans (IEC) ha exigit durant un acte a Par\u00eds que l&#8217;Acad\u00e9mie Fran\u00e7aise \u00abrectifiqui\u00bb en refer\u00e8ncia a la c\u00e0rrega [&hellip;]<\/p>\n","protected":false},"author":2,"featured_media":0,"comment_status":"open","ping_status":"open","sticky":false,"template":"","format":"standard","meta":{"footnotes":""},"categories":[36,38,1,46,19],"tags":[127,213],"class_list":["post-417","post","type-post","status-publish","format-standard","hentry","category-allofobia","category-avl","category-general","category-iec","category-politica","tag-corts","tag-franca"],"_links":{"self":[{"href":"https:\/\/www.cdlpv.org\/dtl\/wp-json\/wp\/v2\/posts\/417","targetHints":{"allow":["GET"]}}],"collection":[{"href":"https:\/\/www.cdlpv.org\/dtl\/wp-json\/wp\/v2\/posts"}],"about":[{"href":"https:\/\/www.cdlpv.org\/dtl\/wp-json\/wp\/v2\/types\/post"}],"author":[{"embeddable":true,"href":"https:\/\/www.cdlpv.org\/dtl\/wp-json\/wp\/v2\/users\/2"}],"replies":[{"embeddable":true,"href":"https:\/\/www.cdlpv.org\/dtl\/wp-json\/wp\/v2\/comments?post=417"}],"version-history":[{"count":0,"href":"https:\/\/www.cdlpv.org\/dtl\/wp-json\/wp\/v2\/posts\/417\/revisions"}],"wp:attachment":[{"href":"https:\/\/www.cdlpv.org\/dtl\/wp-json\/wp\/v2\/media?parent=417"}],"wp:term":[{"taxonomy":"category","embeddable":true,"href":"https:\/\/www.cdlpv.org\/dtl\/wp-json\/wp\/v2\/categories?post=417"},{"taxonomy":"post_tag","embeddable":true,"href":"https:\/\/www.cdlpv.org\/dtl\/wp-json\/wp\/v2\/tags?post=417"}],"curies":[{"name":"wp","href":"https:\/\/api.w.org\/{rel}","templated":true}]}}