{"id":416,"date":"2008-06-18T12:37:31","date_gmt":"2008-06-18T11:37:31","guid":{"rendered":"http:\/\/www.cdlpv.org\/dtl\/?p=416"},"modified":"2008-06-18T12:37:31","modified_gmt":"2008-06-18T11:37:31","slug":"oposicions-per-a-tmpl-de-la-upv-i-docents","status":"publish","type":"post","link":"https:\/\/www.cdlpv.org\/dtl\/2008\/06\/18\/oposicions-per-a-tmpl-de-la-upv-i-docents\/","title":{"rendered":"Oposicions per a TMPL de la UPV i docents"},"content":{"rendered":"<p>El <span class=\"versaleta\">cidaj<\/span> ens fa arribar la informaci\u00f3 seg\u00fcent:<\/p>\n<blockquote>\n<ul>\n<li>RESOLUCI\u00d3 de 10 de juny de 2008, de la Universitat Polit\u00e8cnica de Val\u00e8ncia, per la qual es publiquen les llistes definitives d&#8217;admesos i exclosos, la data i el lloc del primer exercici de les proves selectives d&#8217;acc\u00e9s al grup B, sector d&#8217;administraci\u00f3 especial, T\u00e8cnic Mitj\u00e0 de Promoci\u00f3 Ling\u00fc\u00edstica, pel sistema de concurs oposici\u00f3 (convocat\u00f2ria del dia 18 d&#8217;octubre de 2007, DOCV del dia 25 d&#8217;octubre de 2007) (codi: 2007\/P\/FC\/C\/11). [2008\/7404] (<span class=\"versaleta\"><em>docv<\/em><\/span> n\u00fam. 5.786, de 17.06.2008)<br \/>\n[&#8230;]\nData de realitzaci\u00f3 del primer exercici: 10 de juliol de 2008<br \/>\nHora de realitzaci\u00f3 del primer exercici: 10:00 hores<br \/>\nLloc de realitzaci\u00f3: Aula B5 de l&#8217;ETSE de Telecomunicaci\u00f3 (planta baixa)<br \/>\n[&#8230;]\n<p><a href=\"http:\/\/www.pre.gva.es\/L\/BASIS\/BDLGVPU\/WEB\/LEV_LISTADOS_TEXTO\/DDW?W=SIGNATURA_N=7340+AND+SIGNATURA_A=2008&#038;R=N\" target=\"_blank\">&#8211; vegeu text<\/a>\n<\/li>\n<li>Conselleria d&#8217;Educaci\u00f3. CORRECCI\u00d3 d&#8217;errades de la Resoluci\u00f3 de 9 de juny de 2008, del director general de Personal, per la qual es declaren aprovades les llistes definitives d&#8217;aspirants admesos i exclosos per a participar en els procediments selectius d&#8217;ingr\u00e9s i acc\u00e9s als cossos docents de professors d&#8217;Ensenyament Secundari, professors d&#8217;Escoles Oficials d&#8217;Idiomes, professors de M\u00fasica i Arts Esc\u00e8niques i professors t\u00e8cnics de Formaci\u00f3 Professional, i en el procediment per a l&#8217;adquisici\u00f3 de noves especialitats. [2008\/7490] (<span class=\"versaleta\"><em>docv<\/em><\/span> n\u00fam. 5.786, de 17.06.2008)<br \/>\n<a href=\"http:\/\/www.pre.gva.es\/L\/BASIS\/BDLGVPU\/WEB\/LEV_LISTADOS_TEXTO\/DDW?W=SIGNATURA_N=7332+AND+SIGNATURA_A=2008&#038;R=N\" target=\"_blank\">&#8211; vegeu text<\/a>\n<\/li>\n<\/ul>\n<\/blockquote>\n","protected":false},"excerpt":{"rendered":"<p>El cidaj ens fa arribar la informaci\u00f3 seg\u00fcent: RESOLUCI\u00d3 de 10 de juny de 2008, de la Universitat Polit\u00e8cnica de Val\u00e8ncia, per la qual es publiquen les llistes definitives d&#8217;admesos i exclosos, la data i el lloc del primer exercici de les proves selectives d&#8217;acc\u00e9s al grup B, sector d&#8217;administraci\u00f3 especial, T\u00e8cnic Mitj\u00e0 de Promoci\u00f3 [&hellip;]<\/p>\n","protected":false},"author":2,"featured_media":0,"comment_status":"open","ping_status":"open","sticky":false,"template":"","format":"standard","meta":{"footnotes":""},"categories":[1,15,18],"tags":[156,500],"class_list":["post-416","post","type-post","status-publish","format-standard","hentry","category-general","category-laboral","category-oposicions","tag-docencia","tag-universitats"],"_links":{"self":[{"href":"https:\/\/www.cdlpv.org\/dtl\/wp-json\/wp\/v2\/posts\/416","targetHints":{"allow":["GET"]}}],"collection":[{"href":"https:\/\/www.cdlpv.org\/dtl\/wp-json\/wp\/v2\/posts"}],"about":[{"href":"https:\/\/www.cdlpv.org\/dtl\/wp-json\/wp\/v2\/types\/post"}],"author":[{"embeddable":true,"href":"https:\/\/www.cdlpv.org\/dtl\/wp-json\/wp\/v2\/users\/2"}],"replies":[{"embeddable":true,"href":"https:\/\/www.cdlpv.org\/dtl\/wp-json\/wp\/v2\/comments?post=416"}],"version-history":[{"count":0,"href":"https:\/\/www.cdlpv.org\/dtl\/wp-json\/wp\/v2\/posts\/416\/revisions"}],"wp:attachment":[{"href":"https:\/\/www.cdlpv.org\/dtl\/wp-json\/wp\/v2\/media?parent=416"}],"wp:term":[{"taxonomy":"category","embeddable":true,"href":"https:\/\/www.cdlpv.org\/dtl\/wp-json\/wp\/v2\/categories?post=416"},{"taxonomy":"post_tag","embeddable":true,"href":"https:\/\/www.cdlpv.org\/dtl\/wp-json\/wp\/v2\/tags?post=416"}],"curies":[{"name":"wp","href":"https:\/\/api.w.org\/{rel}","templated":true}]}}