{"id":414,"date":"2008-06-13T13:24:45","date_gmt":"2008-06-13T12:24:45","guid":{"rendered":"http:\/\/www.cdlpv.org\/dtl\/?p=414"},"modified":"2008-06-13T13:24:45","modified_gmt":"2008-06-13T12:24:45","slug":"corpus-oral-dels-sis-dialectes-catalans","status":"publish","type":"post","link":"https:\/\/www.cdlpv.org\/dtl\/2008\/06\/13\/corpus-oral-dels-sis-dialectes-catalans\/","title":{"rendered":"Corpus oral dels sis dialectes catalans"},"content":{"rendered":"<p>Segons ens informa Xavier Rull a trav\u00e9s d&#8217;InfoZ\u00e8fir:<\/p>\n<blockquote><p>\nEl Departament de Filologia Catalana de la Universitat de Barcelona ha editat el CD <em>Corpus oral dialectal<\/em>.<\/p>\n<p>Aquest CD ha estat elaborat per Joaquim Viaplana, Maria-Rosa Lloret, Maria-Pilar Perea i Esteve Clua. Cont\u00e9 informaci\u00f3 sobre morfologia i fon\u00e8tica dels 6 dialectes catalans (amb entrevistes fetes a tots els caps de comarca entre el 1994 i el 1996). Aquestes dades es poden localitzar amb el cercador que cont\u00e9 el CD. \u00c9s una eina \u00fatil per a la recerca dialectal per\u00f2 tamb\u00e9 per a la doc\u00e8ncia.\n<\/p><\/blockquote>\n<p>Podeu trobar m\u00e9s dades en el <a href=\"http:\/\/www.grubit.net\/lincat\/\" target=\"_blank\">web<\/a> del projecte.<\/p>\n","protected":false},"excerpt":{"rendered":"<p>Segons ens informa Xavier Rull a trav\u00e9s d&#8217;InfoZ\u00e8fir: El Departament de Filologia Catalana de la Universitat de Barcelona ha editat el CD Corpus oral dialectal. Aquest CD ha estat elaborat per Joaquim Viaplana, Maria-Rosa Lloret, Maria-Pilar Perea i Esteve Clua. Cont\u00e9 informaci\u00f3 sobre morfologia i fon\u00e8tica dels 6 dialectes catalans (amb entrevistes fetes a tots [&hellip;]<\/p>\n","protected":false},"author":2,"featured_media":0,"comment_status":"open","ping_status":"open","sticky":false,"template":"","format":"standard","meta":{"footnotes":""},"categories":[2,10,1,22],"tags":[142,493],"class_list":["post-414","post","type-post","status-publish","format-standard","hentry","category-comunicacio","category-formacio","category-general","category-recerca","tag-dialectologia","tag-universitat-de-barcelona"],"_links":{"self":[{"href":"https:\/\/www.cdlpv.org\/dtl\/wp-json\/wp\/v2\/posts\/414","targetHints":{"allow":["GET"]}}],"collection":[{"href":"https:\/\/www.cdlpv.org\/dtl\/wp-json\/wp\/v2\/posts"}],"about":[{"href":"https:\/\/www.cdlpv.org\/dtl\/wp-json\/wp\/v2\/types\/post"}],"author":[{"embeddable":true,"href":"https:\/\/www.cdlpv.org\/dtl\/wp-json\/wp\/v2\/users\/2"}],"replies":[{"embeddable":true,"href":"https:\/\/www.cdlpv.org\/dtl\/wp-json\/wp\/v2\/comments?post=414"}],"version-history":[{"count":0,"href":"https:\/\/www.cdlpv.org\/dtl\/wp-json\/wp\/v2\/posts\/414\/revisions"}],"wp:attachment":[{"href":"https:\/\/www.cdlpv.org\/dtl\/wp-json\/wp\/v2\/media?parent=414"}],"wp:term":[{"taxonomy":"category","embeddable":true,"href":"https:\/\/www.cdlpv.org\/dtl\/wp-json\/wp\/v2\/categories?post=414"},{"taxonomy":"post_tag","embeddable":true,"href":"https:\/\/www.cdlpv.org\/dtl\/wp-json\/wp\/v2\/tags?post=414"}],"curies":[{"name":"wp","href":"https:\/\/api.w.org\/{rel}","templated":true}]}}