{"id":4110,"date":"2021-05-31T08:59:57","date_gmt":"2021-05-31T07:59:57","guid":{"rendered":"https:\/\/www.cdlpv.org\/dtl\/?p=4110"},"modified":"2021-05-31T08:59:57","modified_gmt":"2021-05-31T07:59:57","slug":"denominacions-oficials-fageca","status":"publish","type":"post","link":"https:\/\/www.cdlpv.org\/dtl\/2021\/05\/31\/denominacions-oficials-fageca\/","title":{"rendered":"Denominacions oficials: Fageca"},"content":{"rendered":"<p>El municipi de la Fageca (Comtat) ha fixat la forma oficial del seu nom (<span class=\"versaleta\"><em>dogv\u00a0<\/em>9.030<\/span>, 01.03.2021): <a href=\"https:\/\/dogv.gva.es\/datos\/2021\/03\/01\/pdf\/2021_1761.pdf\" target=\"_blank\" rel=\"nofollow noopener\"><i class=\"fas fa-external-link-alt\"><\/i><\/a><\/p>\n<blockquote><p>Decret 28\/2021, de 19 de febrer, del Consell, d\u2019aprovaci\u00f3 del canvi de denominaci\u00f3 del municipi de Facheca per Fageca<\/p><\/blockquote>\n<p>M\u00e9s denominacions oficials en:\u00a0<a href=\"http:\/\/www.cdlpv.org\/fitxes\/municipis-i-comarques-del-pais-valencia\/\" target=\"_blank\" rel=\"noopener\">Municipis i comarques (PV)<\/a>.<\/p>\n","protected":false},"excerpt":{"rendered":"<p>El municipi de la Fageca (Comtat) ha fixat la forma oficial del seu nom (dogv\u00a09.030, 01.03.2021): Decret 28\/2021, de 19 de febrer, del Consell, d\u2019aprovaci\u00f3 del canvi de denominaci\u00f3 del municipi de Facheca per Fageca M\u00e9s denominacions oficials en:\u00a0Municipis i comarques (PV).<\/p>\n","protected":false},"author":56,"featured_media":0,"comment_status":"open","ping_status":"open","sticky":false,"template":"","format":"standard","meta":{"footnotes":""},"categories":[32],"tags":[50],"class_list":["post-4110","post","type-post","status-publish","format-standard","hentry","category-toponimia","tag-administracio-local"],"_links":{"self":[{"href":"https:\/\/www.cdlpv.org\/dtl\/wp-json\/wp\/v2\/posts\/4110","targetHints":{"allow":["GET"]}}],"collection":[{"href":"https:\/\/www.cdlpv.org\/dtl\/wp-json\/wp\/v2\/posts"}],"about":[{"href":"https:\/\/www.cdlpv.org\/dtl\/wp-json\/wp\/v2\/types\/post"}],"author":[{"embeddable":true,"href":"https:\/\/www.cdlpv.org\/dtl\/wp-json\/wp\/v2\/users\/56"}],"replies":[{"embeddable":true,"href":"https:\/\/www.cdlpv.org\/dtl\/wp-json\/wp\/v2\/comments?post=4110"}],"version-history":[{"count":2,"href":"https:\/\/www.cdlpv.org\/dtl\/wp-json\/wp\/v2\/posts\/4110\/revisions"}],"predecessor-version":[{"id":4112,"href":"https:\/\/www.cdlpv.org\/dtl\/wp-json\/wp\/v2\/posts\/4110\/revisions\/4112"}],"wp:attachment":[{"href":"https:\/\/www.cdlpv.org\/dtl\/wp-json\/wp\/v2\/media?parent=4110"}],"wp:term":[{"taxonomy":"category","embeddable":true,"href":"https:\/\/www.cdlpv.org\/dtl\/wp-json\/wp\/v2\/categories?post=4110"},{"taxonomy":"post_tag","embeddable":true,"href":"https:\/\/www.cdlpv.org\/dtl\/wp-json\/wp\/v2\/tags?post=4110"}],"curies":[{"name":"wp","href":"https:\/\/api.w.org\/{rel}","templated":true}]}}