{"id":410,"date":"2008-06-06T13:19:28","date_gmt":"2008-06-06T12:19:28","guid":{"rendered":"http:\/\/www.cdlpv.org\/dtl\/?p=410"},"modified":"2008-06-06T13:19:28","modified_gmt":"2008-06-06T12:19:28","slug":"la-quarta-part-densenyament-en-valencia","status":"publish","type":"post","link":"https:\/\/www.cdlpv.org\/dtl\/2008\/06\/06\/la-quarta-part-densenyament-en-valencia\/","title":{"rendered":"La quarta part d&#8217;ensenyament en valenci\u00e0"},"content":{"rendered":"<p>Ferran Isabel ens proposa a trav\u00e9s de la llista InfoZ\u00e8fir unes dades sobre l&#8217;oferta d&#8217;ensenyament en valenci\u00e0:<\/p>\n<blockquote>\n<h2>An\u00e0lisi de la demanda i l&#8217;oferta d&#8217;ensenyament en valenci\u00e0<\/h2>\n<p>Els pares i mares valencians s\u00f3n sabedors que l&#8217;ensenyament en valenci\u00e0  \u00e9s l&#8217;\u00fanic que garanteix l\u2019igual domini de valenci\u00e0 i castell\u00e0 i facilita  l&#8217;aprenentatge de l&#8217;angl\u00e8s. Per aix\u00f2, all\u00e0 on poden triar, matriculen  ja, en major mesura, els seus fills en valenci\u00e0. La demanda potencial de  valenci\u00e0 se situa en 220.000 alumnes, per\u00f2 per manca d&#8217;oferta i  planificaci\u00f3 tan sols 130.000 alumnes poden estudiar en valenci\u00e0. M\u00e9s  del 55% dels centres valencians no ofereixen l&#8217;opci\u00f3 d&#8217;estudiar en  valenci\u00e0.<\/p>\n<p>Font: Escola Valenciana <a href=\"http:\/\/fev.link-siti.com\/modules.php?name=News&#038;file=article&#038;sid=888\" target=\"_blank\">(05.06.2008)<\/a><\/p>\n<hr \/>\n<\/hr>\n<h2>Escola Valenciana afirma que hi ha 93.700 alumnes que es queden sense pla\u00e7a en valenci\u00e0<\/h2>\n<h3>La federaci\u00f3 assegura que la demanda \u00e9s major que l&#8217;oferta<\/h3>\n<p>Font: Maite Ducaj\u00fa, <em>Levante<\/em> <a href=\"http:\/\/www.levante-emv.com\/secciones\/noticia.jsp?pRef=2008060600_19_456655__ComunitatValenciana-Escola-afirma-93700-alumnos-quedan-plaza-valenciano\" target=\"_blank\">(06.06.2008)<\/a><\/p>\n<hr \/>\n<\/hr>\n<h2>M\u00e9s de la meitat dels centres no oferta ensenyament en valenci\u00e0<\/h2>\n<p>Font: Ezequiel Molt\u00f3, <em>El Pa\u00eds<\/em> <a href=\"http:\/\/www.elpais.com\/articulo\/Comunidad\/Valenciana\/mitad\/centros\/oferta\/ensenanza\/valenciano\/elpepuespval\/20080606elpval_7\/Tes\" target=\"_blank\">(06.06.2008)<\/a>\n<\/p><\/blockquote>\n<p>En resum, rememorant les paraules de Maragall en el parlament catal\u00e0, i tal com ja sab\u00edem, segons les dades de l&#8217;STEPV (<span class=\"versaleta\"><em>dtl<\/em><\/span>, <a href=\"http:\/\/www.cdlpv.org\/dtl\/?p=388\" target=\"_blank\">13.05.2008<\/a>) tenim un problema i es diu \u00abnom\u00e9s 25%\u00bb.<\/p>\n","protected":false},"excerpt":{"rendered":"<p>Ferran Isabel ens proposa a trav\u00e9s de la llista InfoZ\u00e8fir unes dades sobre l&#8217;oferta d&#8217;ensenyament en valenci\u00e0: An\u00e0lisi de la demanda i l&#8217;oferta d&#8217;ensenyament en valenci\u00e0 Els pares i mares valencians s\u00f3n sabedors que l&#8217;ensenyament en valenci\u00e0 \u00e9s l&#8217;\u00fanic que garanteix l\u2019igual domini de valenci\u00e0 i castell\u00e0 i facilita l&#8217;aprenentatge de l&#8217;angl\u00e8s. Per aix\u00f2, all\u00e0 [&hellip;]<\/p>\n","protected":false},"author":2,"featured_media":0,"comment_status":"open","ping_status":"open","sticky":false,"template":"","format":"standard","meta":{"footnotes":""},"categories":[36,45,10,1,24],"tags":[183],"class_list":["post-410","post","type-post","status-publish","format-standard","hentry","category-allofobia","category-ensenyament","category-formacio","category-general","category-requisit-linguistic","tag-escola-valenciana"],"_links":{"self":[{"href":"https:\/\/www.cdlpv.org\/dtl\/wp-json\/wp\/v2\/posts\/410","targetHints":{"allow":["GET"]}}],"collection":[{"href":"https:\/\/www.cdlpv.org\/dtl\/wp-json\/wp\/v2\/posts"}],"about":[{"href":"https:\/\/www.cdlpv.org\/dtl\/wp-json\/wp\/v2\/types\/post"}],"author":[{"embeddable":true,"href":"https:\/\/www.cdlpv.org\/dtl\/wp-json\/wp\/v2\/users\/2"}],"replies":[{"embeddable":true,"href":"https:\/\/www.cdlpv.org\/dtl\/wp-json\/wp\/v2\/comments?post=410"}],"version-history":[{"count":0,"href":"https:\/\/www.cdlpv.org\/dtl\/wp-json\/wp\/v2\/posts\/410\/revisions"}],"wp:attachment":[{"href":"https:\/\/www.cdlpv.org\/dtl\/wp-json\/wp\/v2\/media?parent=410"}],"wp:term":[{"taxonomy":"category","embeddable":true,"href":"https:\/\/www.cdlpv.org\/dtl\/wp-json\/wp\/v2\/categories?post=410"},{"taxonomy":"post_tag","embeddable":true,"href":"https:\/\/www.cdlpv.org\/dtl\/wp-json\/wp\/v2\/tags?post=410"}],"curies":[{"name":"wp","href":"https:\/\/api.w.org\/{rel}","templated":true}]}}