{"id":4097,"date":"2021-04-09T16:30:04","date_gmt":"2021-04-09T15:30:04","guid":{"rendered":"https:\/\/www.cdlpv.org\/dtl\/?p=4097"},"modified":"2021-04-12T21:14:21","modified_gmt":"2021-04-12T20:14:21","slug":"optimisme-i-pessimisme-en-sociolinguistica","status":"publish","type":"post","link":"https:\/\/www.cdlpv.org\/dtl\/2021\/04\/09\/optimisme-i-pessimisme-en-sociolinguistica\/","title":{"rendered":"Optimisme i pessimisme en socioling\u00fc\u00edstica"},"content":{"rendered":"<p>Els problemes existencials del valenci\u00e0-catal\u00e0 derivats de la discriminaci\u00f3 ling\u00fc\u00edstica contra els ciutadans que continua aplicant l&#8217;estat espanyol per a imposar l&#8217;\u00fas del castell\u00e0-espanyol en tots els \u00e0mbits on t\u00e9 capacitat de regulaci\u00f3 (normes legals) o influ\u00e8ncia pol\u00edtica (per exemple, impedint que les altres lleng\u00fces oficials de l&#8217;estat siguen oficials o d&#8217;\u00fas a la Uni\u00f3 Europea), estan donant un poc de joc en els mitjans.<\/p>\n<p>Eixe joc s&#8217;ha concretat en uns debats escrits que poden ser instructius per a decidir com actuar o quines alternatives hi ha disponibles. Un petit recull d&#8217;articles i llibres sobre la q\u00fcesti\u00f3:<\/p>\n<ul>\n<li>Abelard Saragoss\u00e0 Alba (2020): <em>Valenci\u00e0 i catal\u00e0: noms i acad\u00e8mies per a una llengua<\/em><\/li>\n<li>Carme Junyent i Bel Zaballa Madrid (2020): <em>El futur del catal\u00e0 dep\u00e8n de tu<\/em><\/li>\n<li>Carme Junyent (<em>N\u00favol,<\/em>\u00a029.11.2020): \u00abEl multiling\u00fcisme: el futur del catal\u00e0?\u00bb <a href=\"https:\/\/www.nuvol.com\/llengua\/el-multilinguisme-el-futur-del-catala-137040\" target=\"_blank\" rel=\"nofollow noopener\" data-saferedirecturl=\"https:\/\/www.google.com\/url?q=https:\/\/www.nuvol.com\/llengua\/el-multilinguisme-el-futur-del-catala-137040&amp;source=gmail&amp;ust=1618045291560000&amp;usg=AFQjCNFmyqew-lSChgflbG-1NVqd2uIyTA\"><i class=\"fas fa-external-link-alt\"><\/i><\/a><\/li>\n<li>Albert Pla Nualart (<em>Ara.cat,<\/em>\u00a019.12.2020): \u00abEl futur del catal\u00e0 no dep\u00e8n de tu (1)\u00bb<\/li>\n<li><a href=\"https:\/\/www.ara.cat\/opinio\/futur-del-catala-no-depen-albert-pla-nualart_129_1010244.html\" target=\"_blank\" rel=\"nofollow noopener\" data-saferedirecturl=\"https:\/\/www.google.com\/url?q=https:\/\/www.nuvol.com\/llengua\/el-multilinguisme-el-futur-del-catala-137040&amp;source=gmail&amp;ust=1618045291560000&amp;usg=AFQjCNFmyqew-lSChgflbG-1NVqd2uIyTA\"><i class=\"fas fa-external-link-alt\"><\/i><\/a><\/li>\n<li>Albert Pla Nualart (<em>Ara.cat,<\/em>\u00a026.12.2020): \u00abEl futur del catal\u00e0 no dep\u00e8n de tu (i 2)\u00bb <a href=\"https:\/\/www.ara.cat\/opinio\/futur-catala-article-albert-pla_129_1006952.html\" target=\"_blank\" rel=\"nofollow noopener\"><i class=\"fas fa-external-link-alt\"><\/i><\/a><\/li>\n<li>Enric Gom\u00e0 (2021): <em>El catal\u00e0 tranquil. Un manifest<\/em><\/li>\n<li>Jaume Moreno (<em>N\u00favol<\/em>, 10.03.2021): \u00abLlengua, poder i revelaci\u00f3\u00bb <a href=\"https:\/\/www.nuvol.com\/llengua\/llengua-poder-i-revelacio-160255\" target=\"_blank\" rel=\"nofollow noopener\"><i class=\"fas fa-external-link-alt\"><\/i><\/a><\/li>\n<li>Matthew Tree (<em>El Punt Avui, <\/em>14.03.2021): \u00abParlar per parlar\u00bb <a href=\"https:\/\/www.elpuntavui.cat\/opinio\/article\/8-articles\/1937702-parlar-per-parlar.html\" target=\"_blank\" rel=\"nofollow noopener\"><i class=\"fas fa-external-link-alt\"><\/i><\/a><\/li>\n<li>Carles L\u00f3pez Cerezuela (19.03.2021): \u00abEl valenci\u00e0 davant el repte digital: marqueting ling\u00fc\u00edstic\u00bb <a href=\"https:\/\/carleslopezcerezuela.blogspot.com\/2021\/03\/el-valencia-davant-el-repte-digital.html\" target=\"_blank\" rel=\"nofollow noopener\"><i class=\"fas fa-external-link-alt\"><\/i><\/a><\/li>\n<li>Enric Gom\u00e0 (<em>N\u00favol, <\/em>26.03.2021): \u00abEl des\u00e0nim\u00bb <a href=\"https:\/\/www.nuvol.com\/llengua\/el-desanim-164244\" target=\"_blank\" rel=\"nofollow noopener\"><i class=\"fas fa-external-link-alt\"><\/i><\/a><\/li>\n<li>David Ginebra (<em>N\u00favol, <\/em>31.03.2021): \u00abLa selva poliglota\u00bb <a href=\"https:\/\/www.nuvol.com\/llengua\/a-la-selva-poliglota-163863\" target=\"_blank\" rel=\"nofollow noopener\"><i class=\"fas fa-external-link-alt\"><\/i><\/a><\/li>\n<li>Albert Pla Nualart (<em>N\u00favol<\/em>, 01.04.2021): \u00abLa socioling\u00fc\u00edstica no \u00e9s un estat d&#8217;\u00e0nim\u00bb <a href=\"https:\/\/www.nuvol.com\/llengua\/la-sociolinguistica-no-es-un-estat-danim-166329\" target=\"_blank\" rel=\"nofollow noopener\"><i class=\"fas fa-external-link-alt\"><\/i><\/a><\/li>\n<li>Grup Koin\u00e9 (<em>El Punt Avui,<\/em> 05.04.2021 ): \u00abCinc anys del manifest de koin\u00e9\u00bb <a href=\"http:\/\/www.elpuntavui.cat\/opinio\/article\/8-articles\/1948644-cinc-anys-del-manifest-de-koine.html\" target=\"_blank\" rel=\"nofollow noopener\"><i class=\"fas fa-external-link-alt\"><\/i><\/a><\/li>\n<\/ul>\n<p>Per a posar en context estes opinions i reflexions, algunes seccions de diversos mitjans ajuden a aportar informaci\u00f3 concreta relacionada amb fets concrets o amb iniciatives pol\u00edtiques i socials:<\/p>\n<ul>\n<li><em>Nosaltres La Veu<\/em>, secci\u00f3 \u00abllengua\u00bb <a href=\"https:\/\/www.nosaltreslaveu.cat\/categoria\/llengua\" target=\"_blank\" rel=\"nofollow noopener\"><i class=\"fas fa-external-link-alt\"><\/i><\/a><\/li>\n<li><em>Ara.cat,<\/em> secci\u00f3 \u00abllengua\u00bb <a href=\"https:\/\/www.ara.cat\/etiquetes\/llengua\/\" target=\"_blank\" rel=\"nofollow noopener\"><i class=\"fas fa-external-link-alt\"><\/i><\/a><\/li>\n<li>Plataforma per la Llengua, secci\u00f3 \u00abnot\u00edcies\u00bb <a href=\"https:\/\/www.plataforma-llengua.cat\/que-fem\/noticies\/\" target=\"_blank\" rel=\"nofollow noopener\"><i class=\"fas fa-external-link-alt\"><\/i><\/a><\/li>\n<li><em>Elnacional.cat<\/em>, secci\u00f3 \u00abcultura\u00bb <a href=\"https:\/\/www.elnacional.cat\/ca\/cultura.html\" target=\"_blank\" rel=\"nofollow noopener\"><i class=\"fas fa-external-link-alt\"><\/i><\/a><\/li>\n<\/ul>\n<p>Al remat, esperem que el camp de la socioling\u00fc\u00edstica facilite instruments que atenuen la sensaci\u00f3 que es tracta de vore com \u00e9s millor que deixe d&#8217;usar-se la llengua: \u00bfamb optimisme o amb pessimisme?<\/p>\n","protected":false},"excerpt":{"rendered":"<p>Els problemes existencials del valenci\u00e0-catal\u00e0 derivats de la discriminaci\u00f3 ling\u00fc\u00edstica contra els ciutadans que continua aplicant l&#8217;estat espanyol per a imposar l&#8217;\u00fas del castell\u00e0-espanyol en tots els \u00e0mbits on t\u00e9 capacitat de regulaci\u00f3 (normes legals) o influ\u00e8ncia pol\u00edtica (per exemple, impedint que les altres lleng\u00fces oficials de l&#8217;estat siguen oficials o d&#8217;\u00fas a la Uni\u00f3 [&hellip;]<\/p>\n","protected":false},"author":56,"featured_media":0,"comment_status":"open","ping_status":"open","sticky":false,"template":"","format":"standard","meta":{"footnotes":""},"categories":[4,47,27],"tags":[64,291,312],"class_list":["post-4097","post","type-post","status-publish","format-standard","hentry","category-dret","category-planificacio","category-sociolinguistica","tag-articles","tag-llibres","tag-mitjans"],"_links":{"self":[{"href":"https:\/\/www.cdlpv.org\/dtl\/wp-json\/wp\/v2\/posts\/4097","targetHints":{"allow":["GET"]}}],"collection":[{"href":"https:\/\/www.cdlpv.org\/dtl\/wp-json\/wp\/v2\/posts"}],"about":[{"href":"https:\/\/www.cdlpv.org\/dtl\/wp-json\/wp\/v2\/types\/post"}],"author":[{"embeddable":true,"href":"https:\/\/www.cdlpv.org\/dtl\/wp-json\/wp\/v2\/users\/56"}],"replies":[{"embeddable":true,"href":"https:\/\/www.cdlpv.org\/dtl\/wp-json\/wp\/v2\/comments?post=4097"}],"version-history":[{"count":6,"href":"https:\/\/www.cdlpv.org\/dtl\/wp-json\/wp\/v2\/posts\/4097\/revisions"}],"predecessor-version":[{"id":4101,"href":"https:\/\/www.cdlpv.org\/dtl\/wp-json\/wp\/v2\/posts\/4097\/revisions\/4101"}],"wp:attachment":[{"href":"https:\/\/www.cdlpv.org\/dtl\/wp-json\/wp\/v2\/media?parent=4097"}],"wp:term":[{"taxonomy":"category","embeddable":true,"href":"https:\/\/www.cdlpv.org\/dtl\/wp-json\/wp\/v2\/categories?post=4097"},{"taxonomy":"post_tag","embeddable":true,"href":"https:\/\/www.cdlpv.org\/dtl\/wp-json\/wp\/v2\/tags?post=4097"}],"curies":[{"name":"wp","href":"https:\/\/api.w.org\/{rel}","templated":true}]}}