{"id":409,"date":"2008-06-05T11:44:39","date_gmt":"2008-06-05T10:44:39","guid":{"rendered":"http:\/\/www.cdlpv.org\/dtl\/?p=409"},"modified":"2008-06-05T11:44:39","modified_gmt":"2008-06-05T10:44:39","slug":"tecnicca-linguisticca-laboral-temporal-en-la-urv","status":"publish","type":"post","link":"https:\/\/www.cdlpv.org\/dtl\/2008\/06\/05\/tecnicca-linguisticca-laboral-temporal-en-la-urv\/","title":{"rendered":"T\u00e8cnic\/ca ling\u00fc\u00edstic\/ca laboral temporal en la URV"},"content":{"rendered":"<p>Xavier Rull ens informa a trav\u00e9s d&#8217;InfoZ\u00e8fir de la convocat\u00f2ria seg\u00fcent:<\/p>\n<blockquote><p>\nConvocat\u00f2ria de places de personal laboral temporal<\/p>\n<p>Proves selectives per a la contractaci\u00f3 d&#8217;un\/a  t\u00e8cnic\/a ling\u00fc\u00edstic\/a \u2013 \u00e0rea de catal\u00e0 &#8211; grup I al Servei de Recursos Ling\u00fc\u00edstics (URV)<\/p>\n<p><a href=\"http:\/\/wwwa.urv.net\/la_urv\/10_serveis\/rrhh\/pas\/convocatories\/LABORALS03\/LE081578\/FITXA%20LE081578.htm\" target=\"_blank\">[M\u00e9s informaci\u00f3]<\/a><\/p>\n<\/blockquote>\n","protected":false},"excerpt":{"rendered":"<p>Xavier Rull ens informa a trav\u00e9s d&#8217;InfoZ\u00e8fir de la convocat\u00f2ria seg\u00fcent: Convocat\u00f2ria de places de personal laboral temporal Proves selectives per a la contractaci\u00f3 d&#8217;un\/a t\u00e8cnic\/a ling\u00fc\u00edstic\/a \u2013 \u00e0rea de catal\u00e0 &#8211; grup I al Servei de Recursos Ling\u00fc\u00edstics (URV) [M\u00e9s informaci\u00f3]<\/p>\n","protected":false},"author":2,"featured_media":0,"comment_status":"open","ping_status":"open","sticky":false,"template":"","format":"standard","meta":{"footnotes":""},"categories":[43,1,15],"tags":[121,500,505],"class_list":["post-409","post","type-post","status-publish","format-standard","hentry","category-concursos","category-general","category-laboral","tag-convocatoria","tag-universitats","tag-urv"],"_links":{"self":[{"href":"https:\/\/www.cdlpv.org\/dtl\/wp-json\/wp\/v2\/posts\/409","targetHints":{"allow":["GET"]}}],"collection":[{"href":"https:\/\/www.cdlpv.org\/dtl\/wp-json\/wp\/v2\/posts"}],"about":[{"href":"https:\/\/www.cdlpv.org\/dtl\/wp-json\/wp\/v2\/types\/post"}],"author":[{"embeddable":true,"href":"https:\/\/www.cdlpv.org\/dtl\/wp-json\/wp\/v2\/users\/2"}],"replies":[{"embeddable":true,"href":"https:\/\/www.cdlpv.org\/dtl\/wp-json\/wp\/v2\/comments?post=409"}],"version-history":[{"count":0,"href":"https:\/\/www.cdlpv.org\/dtl\/wp-json\/wp\/v2\/posts\/409\/revisions"}],"wp:attachment":[{"href":"https:\/\/www.cdlpv.org\/dtl\/wp-json\/wp\/v2\/media?parent=409"}],"wp:term":[{"taxonomy":"category","embeddable":true,"href":"https:\/\/www.cdlpv.org\/dtl\/wp-json\/wp\/v2\/categories?post=409"},{"taxonomy":"post_tag","embeddable":true,"href":"https:\/\/www.cdlpv.org\/dtl\/wp-json\/wp\/v2\/tags?post=409"}],"curies":[{"name":"wp","href":"https:\/\/api.w.org\/{rel}","templated":true}]}}