{"id":4084,"date":"2021-03-22T16:30:40","date_gmt":"2021-03-22T15:30:40","guid":{"rendered":"https:\/\/www.cdlpv.org\/dtl\/?p=4084"},"modified":"2021-03-22T13:48:16","modified_gmt":"2021-03-22T12:48:16","slug":"lavl-renova-un-segon-terc-set-academiques-noves","status":"publish","type":"post","link":"https:\/\/www.cdlpv.org\/dtl\/2021\/03\/22\/lavl-renova-un-segon-terc-set-academiques-noves\/","title":{"rendered":"L&#8217;AVL renova un segon ter\u00e7: set acad\u00e8miques noves"},"content":{"rendered":"<p>Una nota de premsa de l&#8217;Acad\u00e8mia Valenciana de la Llengua <span class=\"versaleta\">(avl)<\/span> del 4 de desembre del 2020 <a href=\"http:\/\/www.avl.gva.es\/web\/comunicacio\/notes-de-premsa\/-\/journal_content\/56\/31991\/202805\/27602\" target=\"_blank\" rel=\"nofollow noopener\"><i class=\"fas fa-external-link-alt\"><\/i><\/a> informava del proc\u00e9s de sorteig per insaculaci\u00f3 per a renovar la composici\u00f3 acad\u00e8mica de la instituci\u00f3. Els membres que hauran de ser substitu\u00efts s\u00f3n Albert Hauf, Honorat Ros, Eduard Mira, Antoni Ferrando, Llu\u00eds Meseguer, Emili Casanova i Maribel Guardiola.<\/p>\n<p>D&#8217;acord amb la Llei 9\/2003, per a la igualtat entre dones i homes, <a href=\"http:\/\/www.dogv.gva.es\/auto\/dogv\/docvpub\/rlgv\/2003\/L_2003_09_va_L_2016_13.pdf\" target=\"_blank\" rel=\"nofollow noopener\"><i class=\"fas fa-file-pdf\"><\/i><\/a> havien de ser elegides set dones per a completar el proc\u00e9s de substituci\u00f3. El periodista Joan Carles Mart\u00ed informava (<em>Levante,<\/em> <a href=\"https:\/\/www.levante-emv.com\/cultura\/2021\/03\/11\/avl-pleno-candidatas-40614141.html\" target=\"_blank\" rel=\"nofollow noopener\">11.03.2021<\/a>) de 14 candidates:\u00a0 Maria \u00c0ngels Di\u00e9guez, Marinela Garc\u00eda, Aig\u00fces Vives P\u00e9rez, Sandra Montserrat, Sara Vicent, Pepa Baixauli, Maria Josep Mar\u00edn, \u00c0ngels Gregori, Rosa Agost, Vicenta Tasa, Carme Manuel, Rosa Roig, Empar Minguet i Maria \u00c0ngels Franc\u00e9s.<\/p>\n<p>Finalment, el proc\u00e9s s&#8217;ha tancat el dia 12 de mar\u00e7 del 2021 amb l&#8217;elecci\u00f3 de les set noves acad\u00e8miques (Europa Press <a href=\"https:\/\/www.europapress.es\/valencia\/noticia-lavl-tria-les-seues-set-noves-academiques-obri-nou-cicle-per-complir-llei-paritat-20210312164054.html\" target=\"_blank\" rel=\"nofollow noopener\"><i class=\"fas fa-external-link-alt\"><\/i><\/a>):<\/p>\n<blockquote><p>En la primera ronda han sigut escollides \u00c0ngels Gregori Parra (18 vots), Rosa Agost Can\u00f3s (13 vots), Maria Josep Mar\u00edn Jord\u00e0 (12) i Sandra Montserrat Buendia (11 vots). En segona votaci\u00f3 ha eixit Maria \u00c0ngels Franc\u00e9s D\u00edez (13 vots) i en la tercera i \u00faltima ronda Carme Manuel Cuenca (11) i Vicenta Tasa Fuster (11).<\/p><\/blockquote>\n<p>Podem localitzar en la xarxa un poc m\u00e9s d&#8217;informaci\u00f3 sobre les noves acad\u00e8miques:<\/p>\n<ul>\n<li>Rosa Agost Can\u00f3s <a href=\"https:\/\/ca.wikipedia.org\/wiki\/Rosa_Agost_i_Can%C3%B3s\" target=\"_blank\" rel=\"nofollow noopener\"><i class=\"fas fa-external-link-alt\"><\/i><\/a><\/li>\n<li>Maria \u00c0ngels Franc\u00e9s D\u00edez <a href=\"https:\/\/dfc.ua.es\/va\/estructura-i-organitzacio\/professorat\/m-angels-frances-diez.html\" target=\"_blank\" rel=\"nofollow noopener\"><i class=\"fas fa-external-link-alt\"><\/i><\/a><\/li>\n<li>\u00c0ngels Gregori Parra <a href=\"https:\/\/ca.wikipedia.org\/wiki\/%C3%80ngels_Gregori_i_Parra\" target=\"_blank\" rel=\"nofollow noopener\"><i class=\"fas fa-external-link-alt\"><\/i><\/a><\/li>\n<li>Carme Manuel Cuenca <a href=\"https:\/\/ca.wikipedia.org\/wiki\/Carme_Manuel_Cuenca\" target=\"_blank\" rel=\"nofollow noopener\"><i class=\"fas fa-external-link-alt\"><\/i><\/a><\/li>\n<li>Maria Josep Mar\u00edn Jord\u00e0 <i class=\"fas fa-external-link-alt\"><\/i><\/li>\n<li>Sandra Montserrat Buendia <a href=\"https:\/\/dfc.ua.es\/va\/estructura-i-organitzacio\/professorat\/sandra-montserrat-buendia.html\" target=\"_blank\" rel=\"nofollow noopener\"><i class=\"fas fa-external-link-alt\"><\/i><\/a><\/li>\n<li>Vicenta Tasa Fuster <a href=\"https:\/\/editorial.tirant.com\/es\/autorList\/vicenta-tasa-fuster-108091\" target=\"_blank\" rel=\"nofollow noopener\"><i class=\"fas fa-external-link-alt\"><\/i><\/a><\/li>\n<\/ul>\n","protected":false},"excerpt":{"rendered":"<p>Una nota de premsa de l&#8217;Acad\u00e8mia Valenciana de la Llengua (avl) del 4 de desembre del 2020 informava del proc\u00e9s de sorteig per insaculaci\u00f3 per a renovar la composici\u00f3 acad\u00e8mica de la instituci\u00f3. Els membres que hauran de ser substitu\u00efts s\u00f3n Albert Hauf, Honorat Ros, Eduard Mira, Antoni Ferrando, Llu\u00eds Meseguer, Emili Casanova i Maribel [&hellip;]<\/p>\n","protected":false},"author":56,"featured_media":0,"comment_status":"open","ping_status":"open","sticky":false,"template":"","format":"standard","meta":{"footnotes":""},"categories":[38,26],"tags":[168],"class_list":["post-4084","post","type-post","status-publish","format-standard","hentry","category-avl","category-serveis-linguistics","tag-eleccions"],"_links":{"self":[{"href":"https:\/\/www.cdlpv.org\/dtl\/wp-json\/wp\/v2\/posts\/4084","targetHints":{"allow":["GET"]}}],"collection":[{"href":"https:\/\/www.cdlpv.org\/dtl\/wp-json\/wp\/v2\/posts"}],"about":[{"href":"https:\/\/www.cdlpv.org\/dtl\/wp-json\/wp\/v2\/types\/post"}],"author":[{"embeddable":true,"href":"https:\/\/www.cdlpv.org\/dtl\/wp-json\/wp\/v2\/users\/56"}],"replies":[{"embeddable":true,"href":"https:\/\/www.cdlpv.org\/dtl\/wp-json\/wp\/v2\/comments?post=4084"}],"version-history":[{"count":6,"href":"https:\/\/www.cdlpv.org\/dtl\/wp-json\/wp\/v2\/posts\/4084\/revisions"}],"predecessor-version":[{"id":4090,"href":"https:\/\/www.cdlpv.org\/dtl\/wp-json\/wp\/v2\/posts\/4084\/revisions\/4090"}],"wp:attachment":[{"href":"https:\/\/www.cdlpv.org\/dtl\/wp-json\/wp\/v2\/media?parent=4084"}],"wp:term":[{"taxonomy":"category","embeddable":true,"href":"https:\/\/www.cdlpv.org\/dtl\/wp-json\/wp\/v2\/categories?post=4084"},{"taxonomy":"post_tag","embeddable":true,"href":"https:\/\/www.cdlpv.org\/dtl\/wp-json\/wp\/v2\/tags?post=4084"}],"curies":[{"name":"wp","href":"https:\/\/api.w.org\/{rel}","templated":true}]}}