{"id":407,"date":"2008-06-05T09:00:30","date_gmt":"2008-06-05T08:00:30","guid":{"rendered":"http:\/\/www.cdlpv.org\/dtl\/?p=407"},"modified":"2008-06-05T09:00:30","modified_gmt":"2008-06-05T08:00:30","slug":"ha-faltat-josep-vicent-marques-gonzalez","status":"publish","type":"post","link":"https:\/\/www.cdlpv.org\/dtl\/2008\/06\/05\/ha-faltat-josep-vicent-marques-gonzalez\/","title":{"rendered":"Ha faltat Josep Vicent Marqu\u00e9s Gonz\u00e1lez"},"content":{"rendered":"<p><a href='http:\/\/www.cdlpv.org\/dtl\/wp-content\/jvmarques.jpg'><img loading=\"lazy\" decoding=\"async\" src=\"http:\/\/www.cdlpv.org\/dtl\/wp-content\/jvmarques-141x300.jpg\" alt=\"\" title=\"Josep Vicent Marqu\u00e9s\" width=\"141\" height=\"300\" class=\"alignright size-medium wp-image-408\" \/><\/a>M&#8217;assabente en el diari <em>Avui<\/em> <a href=\"http:\/\/wwww.avui.cat\/cultura_comunicacio\/detail.php?id=32299\" target=\"_blank\">(05.06.2008)<\/a> de la mort de Josep Vicent Marqu\u00e9s Gonz\u00e1lez:<\/p>\n<blockquote>\n<h2>Mor el soci\u00f2leg i escriptor Josep Vicent Marqu\u00e8s<\/h2>\n<h3>Marqu\u00e8s tamb\u00e9 va participar activament en la vida pol\u00edtica valenciana com a membre del Partit Socialista de Val\u00e8ncia i es va interessar especialment per temes com la marginaci\u00f3 social i l&#8217;ecologisme<\/h3>\n<\/blockquote>\n<p>He escrit el t\u00edtol tal com el dien al meu poble fa anys &mdash;no s\u00e9 ara si ho continuen fent igual&mdash;. Com que el diari catal\u00e0 no t\u00e9 res m\u00e9s a dir, enllace amb <a href=\"http:\/\/www.vilaweb.cat\/www\/noticia?p_idcmp=2883446\" target=\"_blank\"><em>Vilaweb<\/em><\/a>, un dels pocs mitjans d&#8217;informaci\u00f3 diaris en catal\u00e0 de qu\u00e8 disposem \u2014podr\u00edem esmentar tamb\u00e9 <a href=\"http:\/\/www.pagina26.com\/comunitat-valenciana\/mor-josep-vicent-marques.html\" target=\"_blank\"><em>P\u00e0gina26<\/em><\/a> i <a href=\"http:\/\/lavanc.com\/lavanc\/iphp\/not1.php?id=3057\" target=\"_blank\"><em>L&#8217;Avan\u00e7<\/em><\/a> i algun altre\u2014, perqu\u00e8 la realitat del seu pa\u00eds \u00e9s la que ell pot ser que no vullguera que f\u00f3ra: la premsa escrita en catal\u00e0 al nostre abast \u2014al meu quiosc\u2014 encara no \u00e9s un producte prou generalitzat, tal com podem apreciar en els diaris <a href=\"http:\/\/www.levante-emv.com\/secciones\/noticia.jsp?pRef=2008060500_39_456213__CULTURA-Josep-Vicent-Marquesmuere\" target=\"_blank\"><em>Levante<\/em><\/a>, <a href=\"http:\/\/www.elpais.com\/articulo\/Comunidad\/Valenciana\/Vivir\/frontera\/elpepuespval\/20080605elpval_12\/Tes\" target=\"_blank\"><em>El Pa\u00eds<\/em><\/a> o <a href=\"http:\/\/www.lasprovincias.es\/valencia\/20080605\/cultura\/fallece-anos-sociologo-valenciano-20080605.html\" target=\"_blank\"><em>Las Provincias<\/em><\/a> (ni <em>Informaci\u00f3n<\/em> ni <em>Mediterr\u00e1neo<\/em> en diuen res).<\/p>\n<p>No sembla que Josep Vicent Marqu\u00e9s tinguera bloc en Internet, per\u00f2 podem trobar prou refer\u00e8ncies seues fent una cerca en <a href=\"http:\/\/www.google.es\/search?hl=ca&#038;client=firefox-a&#038;rls=org.mozilla%3Aen-US%3Aofficial&#038;hs=HF&#038;q=%22Josep+Vicent+Marqu%C3%A9s%22&#038;btnG=Cerca&#038;meta=\" target=\"_blank\">Google<\/a>, d&#8217;entre les quals triem el bloc <a href=\"http:\/\/nausicanova.blogspot.com\/2008\/06\/josep-vicent-marqus.html\" target=\"_blank\"><em>Nausica<\/em><\/a> de Carles Mulet Grimalt.<\/p>\n","protected":false},"excerpt":{"rendered":"<p>M&#8217;assabente en el diari Avui (05.06.2008) de la mort de Josep Vicent Marqu\u00e9s Gonz\u00e1lez: Mor el soci\u00f2leg i escriptor Josep Vicent Marqu\u00e8s Marqu\u00e8s tamb\u00e9 va participar activament en la vida pol\u00edtica valenciana com a membre del Partit Socialista de Val\u00e8ncia i es va interessar especialment per temes com la marginaci\u00f3 social i l&#8217;ecologisme He escrit [&hellip;]<\/p>\n","protected":false},"author":2,"featured_media":0,"comment_status":"open","ping_status":"open","sticky":false,"template":"","format":"standard","meta":{"footnotes":""},"categories":[2,1],"tags":[137],"class_list":["post-407","post","type-post","status-publish","format-standard","hentry","category-comunicacio","category-general","tag-defuncions"],"_links":{"self":[{"href":"https:\/\/www.cdlpv.org\/dtl\/wp-json\/wp\/v2\/posts\/407","targetHints":{"allow":["GET"]}}],"collection":[{"href":"https:\/\/www.cdlpv.org\/dtl\/wp-json\/wp\/v2\/posts"}],"about":[{"href":"https:\/\/www.cdlpv.org\/dtl\/wp-json\/wp\/v2\/types\/post"}],"author":[{"embeddable":true,"href":"https:\/\/www.cdlpv.org\/dtl\/wp-json\/wp\/v2\/users\/2"}],"replies":[{"embeddable":true,"href":"https:\/\/www.cdlpv.org\/dtl\/wp-json\/wp\/v2\/comments?post=407"}],"version-history":[{"count":0,"href":"https:\/\/www.cdlpv.org\/dtl\/wp-json\/wp\/v2\/posts\/407\/revisions"}],"wp:attachment":[{"href":"https:\/\/www.cdlpv.org\/dtl\/wp-json\/wp\/v2\/media?parent=407"}],"wp:term":[{"taxonomy":"category","embeddable":true,"href":"https:\/\/www.cdlpv.org\/dtl\/wp-json\/wp\/v2\/categories?post=407"},{"taxonomy":"post_tag","embeddable":true,"href":"https:\/\/www.cdlpv.org\/dtl\/wp-json\/wp\/v2\/tags?post=407"}],"curies":[{"name":"wp","href":"https:\/\/api.w.org\/{rel}","templated":true}]}}