{"id":4063,"date":"2021-03-15T16:30:24","date_gmt":"2021-03-15T15:30:24","guid":{"rendered":"http:\/\/www.cdlpv.org\/dtl\/?p=4063"},"modified":"2021-08-19T08:22:10","modified_gmt":"2021-08-19T07:22:10","slug":"la-salut-en-la-llengua","status":"publish","type":"post","link":"https:\/\/www.cdlpv.org\/dtl\/2021\/03\/15\/la-salut-en-la-llengua\/","title":{"rendered":"La salut en la llengua"},"content":{"rendered":"<p><a href=\"http:\/\/www.cdlpv.org\/dtl\/wp-content\/uploads\/2021\/03\/SanitatEnValencia.png\"><img loading=\"lazy\" decoding=\"async\" class=\"wp-image-4064 size-medium aligncenter\" src=\"http:\/\/www.cdlpv.org\/dtl\/wp-content\/uploads\/2021\/03\/SanitatEnValencia-269x300.png\" alt=\"Sanitat en valenci\u00e0\" width=\"269\" height=\"300\" srcset=\"https:\/\/www.cdlpv.org\/dtl\/wp-content\/uploads\/2021\/03\/SanitatEnValencia-269x300.png 269w, https:\/\/www.cdlpv.org\/dtl\/wp-content\/uploads\/2021\/03\/SanitatEnValencia.png 694w\" sizes=\"auto, (max-width: 269px) 100vw, 269px\" \/><\/a><\/p>\n<p>En el diari <em>Nosaltres La Veu<\/em> podem llegir l&#8217;article \u00abEl valor terap\u00e8utic de la paraula\u00bb <a href=\"https:\/\/www.nosaltreslaveu.cat\/noticia\/43371\/el-valor-terapeutic-de-la-paraula\" target=\"_blank\" rel=\"nofollow noopener\"><i class=\"fas fa-external-link-alt\"><\/i><\/a> de Josep Bernabeu-Mestre i Ferran Mart\u00ednez Navarro. Els autors comenten:<\/p>\n<blockquote><p>Quan els pacients acudeixen als professionals de la salut, esperen que els escolten, que els comprenguen, que els informen amb detall i de forma clara i entenedora. I, per descomptat, que els resolguen el seu problema de salut. \u00c9s molt important aconseguir un clima d\u2019empatia i de confian\u00e7a entre els actors que interactuen en l\u2019acte cl\u00ednic, per\u00f2 per damunt de tot resulta clau obtenir un bon nivell de comunicaci\u00f3 a trav\u00e9s de la conversa, del di\u00e0leg entre els professionals de la salut i els pacients.<\/p><\/blockquote>\n<p>En eixe sentit, proposen que els professionals sanitaris valencians participen en la reivindicaci\u00f3 d&#8217;eixa necessitat de millora en la gesti\u00f3 ling\u00fc\u00edstica de la salut i la sanitat:<\/p>\n<blockquote>[&#8230;] estaria b\u00e9, tamb\u00e9, que eixos mateixos professionals respectaren el dret dels pacients a expressar-se en la seua llengua i que recorden, a m\u00e9s, la import\u00e0ncia que pot tenir per a l\u2019\u00e8xit de l\u2019acte cl\u00ednic. Es tracta de consideracions que estan en sintonia amb les que recull el manifest <u><a class=\"md-opjjpmhoiojifppkkcdabiobhakljdgm_doc\" href=\"http:\/\/www.sanitatenvalencia.org\/\">Sanitat en valenci\u00e0<\/a><\/u>, en el sentit de reivindicar que cal garantir l\u2019atenci\u00f3 m\u00e8dica en valenci\u00e0 en el sistema de salut p\u00fablic, i recordar que la imposici\u00f3 del castell\u00e0 als usuaris que es pret\u00e9n dur a terme \u00e9s un criteri ideol\u00f2gic i no m\u00e8dic, que va en contra del deure d\u2019atendre la ciutadania valenciana sense cap discriminaci\u00f3, siga per sexe, g\u00e8nere, \u00e8tnia o llengua.<\/p><\/blockquote>\n<p>El manifest \u00abSanitat en valenci\u00e0\u00bb continua viu i arreplegant firmes. <a href=\"https:\/\/sanitatenvalencia.org\/\" target=\"_blank\" rel=\"nofollow noopener\"><i class=\"fas fa-external-link-alt\"><\/i><\/a><\/p>\n","protected":false},"excerpt":{"rendered":"<p>En el diari Nosaltres La Veu podem llegir l&#8217;article \u00abEl valor terap\u00e8utic de la paraula\u00bb de Josep Bernabeu-Mestre i Ferran Mart\u00ednez Navarro. Els autors comenten: Quan els pacients acudeixen als professionals de la salut, esperen que els escolten, que els comprenguen, que els informen amb detall i de forma clara i entenedora. I, per descomptat, [&hellip;]<\/p>\n","protected":false},"author":56,"featured_media":0,"comment_status":"open","ping_status":"open","sticky":false,"template":"","format":"standard","meta":{"footnotes":""},"categories":[4,19,27],"tags":[534],"class_list":["post-4063","post","type-post","status-publish","format-standard","hentry","category-dret","category-politica","category-sociolinguistica","tag-sanitat"],"_links":{"self":[{"href":"https:\/\/www.cdlpv.org\/dtl\/wp-json\/wp\/v2\/posts\/4063","targetHints":{"allow":["GET"]}}],"collection":[{"href":"https:\/\/www.cdlpv.org\/dtl\/wp-json\/wp\/v2\/posts"}],"about":[{"href":"https:\/\/www.cdlpv.org\/dtl\/wp-json\/wp\/v2\/types\/post"}],"author":[{"embeddable":true,"href":"https:\/\/www.cdlpv.org\/dtl\/wp-json\/wp\/v2\/users\/56"}],"replies":[{"embeddable":true,"href":"https:\/\/www.cdlpv.org\/dtl\/wp-json\/wp\/v2\/comments?post=4063"}],"version-history":[{"count":4,"href":"https:\/\/www.cdlpv.org\/dtl\/wp-json\/wp\/v2\/posts\/4063\/revisions"}],"predecessor-version":[{"id":4216,"href":"https:\/\/www.cdlpv.org\/dtl\/wp-json\/wp\/v2\/posts\/4063\/revisions\/4216"}],"wp:attachment":[{"href":"https:\/\/www.cdlpv.org\/dtl\/wp-json\/wp\/v2\/media?parent=4063"}],"wp:term":[{"taxonomy":"category","embeddable":true,"href":"https:\/\/www.cdlpv.org\/dtl\/wp-json\/wp\/v2\/categories?post=4063"},{"taxonomy":"post_tag","embeddable":true,"href":"https:\/\/www.cdlpv.org\/dtl\/wp-json\/wp\/v2\/tags?post=4063"}],"curies":[{"name":"wp","href":"https:\/\/api.w.org\/{rel}","templated":true}]}}