{"id":4051,"date":"2021-03-08T21:30:05","date_gmt":"2021-03-08T20:30:05","guid":{"rendered":"http:\/\/www.cdlpv.org\/dtl\/?p=4051"},"modified":"2025-01-20T13:30:44","modified_gmt":"2025-01-20T11:30:44","slug":"denominacions-oficials-lenova","status":"publish","type":"post","link":"https:\/\/www.cdlpv.org\/dtl\/2021\/03\/08\/denominacions-oficials-lenova\/","title":{"rendered":"Denominacions oficials: l&#8217;\u00c9nova"},"content":{"rendered":"<p>El municipi de l&#8217;\u00c9nova (Ribera Alta) han fixat la forma oficial del seu nom:<\/p>\n<blockquote><p>Decret 26\/2021, de 12 de febrer del Consell, d\u2019aprovaci\u00f3 del canvi de denominaci\u00f3 del municipi de l\u2019\u00c8nova per l\u2019\u00c9nova. <a href=\"http:\/\/www.dogv.gva.es\/datos\/2021\/02\/19\/pdf\/2021_1464.pdf\" target=\"_blank\" rel=\"nofollow noopener\"><i class=\"fas fa-external-link-alt\"><\/i><\/a><\/p><\/blockquote>\n<p>Si consultem el diari oficial, vorem que han publicat entre cometes la forma oficial vigent a partir d&#8217;ara:<\/p>\n<p><a href=\"http:\/\/www.cdlpv.org\/dtl\/wp-content\/uploads\/2021\/03\/Dogv-20210219.png\"><img loading=\"lazy\" decoding=\"async\" class=\"size-medium wp-image-4057 aligncenter\" src=\"http:\/\/www.cdlpv.org\/dtl\/wp-content\/uploads\/2021\/03\/Dogv-20210219-300x130.png\" alt=\"\" width=\"300\" height=\"130\" srcset=\"https:\/\/www.cdlpv.org\/dtl\/wp-content\/uploads\/2021\/03\/Dogv-20210219-300x130.png 300w, https:\/\/www.cdlpv.org\/dtl\/wp-content\/uploads\/2021\/03\/Dogv-20210219.png 492w\" sizes=\"auto, (max-width: 300px) 100vw, 300px\" \/><\/a><\/p>\n<p>No sabem massa qu\u00e8 pretenen indicar eixes cometes, at\u00e9s que no pareix que hagen utilitzat mai abans eixos signes en estos decrets de canvis de denominaci\u00f3. <a href=\"http:\/\/www.dogv.gva.es\/va\/resultats-dogv??texto=canvi%20de%20denominaci%C3%B3%20del%20municipi&amp;solo_titulo=1&amp;anyo_codigo=&amp;codigo=&amp;numero_dogv=&amp;FECHA_INICIAL=&amp;FECHA_FINAL=&amp;tipo_disposicion=&amp;organismo=\" target=\"_blank\" rel=\"nofollow noopener\"><i class=\"fas fa-external-link-alt\"><\/i><\/a><\/p>\n<p style=\"text-align: right;\">M\u00e9s denominacions oficials en: <a href=\"http:\/\/www.cdlpv.org\/fitxes\/municipis-i-comarques-del-pais-valencia\/\" target=\"_blank\" rel=\"noopener\">Municipis i comarques (PV)<\/a>.<\/p>\n","protected":false},"excerpt":{"rendered":"<p>El municipi de l&#8217;\u00c9nova (Ribera Alta) han fixat la forma oficial del seu nom: Decret 26\/2021, de 12 de febrer del Consell, d\u2019aprovaci\u00f3 del canvi de denominaci\u00f3 del municipi de l\u2019\u00c8nova per l\u2019\u00c9nova. Si consultem el diari oficial, vorem que han publicat entre cometes la forma oficial vigent a partir d&#8217;ara: No sabem massa qu\u00e8 [&hellip;]<\/p>\n","protected":false},"author":56,"featured_media":0,"comment_status":"open","ping_status":"open","sticky":false,"template":"","format":"standard","meta":{"footnotes":""},"categories":[32],"tags":[50],"class_list":["post-4051","post","type-post","status-publish","format-standard","hentry","category-toponimia","tag-administracio-local"],"_links":{"self":[{"href":"https:\/\/www.cdlpv.org\/dtl\/wp-json\/wp\/v2\/posts\/4051","targetHints":{"allow":["GET"]}}],"collection":[{"href":"https:\/\/www.cdlpv.org\/dtl\/wp-json\/wp\/v2\/posts"}],"about":[{"href":"https:\/\/www.cdlpv.org\/dtl\/wp-json\/wp\/v2\/types\/post"}],"author":[{"embeddable":true,"href":"https:\/\/www.cdlpv.org\/dtl\/wp-json\/wp\/v2\/users\/56"}],"replies":[{"embeddable":true,"href":"https:\/\/www.cdlpv.org\/dtl\/wp-json\/wp\/v2\/comments?post=4051"}],"version-history":[{"count":8,"href":"https:\/\/www.cdlpv.org\/dtl\/wp-json\/wp\/v2\/posts\/4051\/revisions"}],"predecessor-version":[{"id":4062,"href":"https:\/\/www.cdlpv.org\/dtl\/wp-json\/wp\/v2\/posts\/4051\/revisions\/4062"}],"wp:attachment":[{"href":"https:\/\/www.cdlpv.org\/dtl\/wp-json\/wp\/v2\/media?parent=4051"}],"wp:term":[{"taxonomy":"category","embeddable":true,"href":"https:\/\/www.cdlpv.org\/dtl\/wp-json\/wp\/v2\/categories?post=4051"},{"taxonomy":"post_tag","embeddable":true,"href":"https:\/\/www.cdlpv.org\/dtl\/wp-json\/wp\/v2\/tags?post=4051"}],"curies":[{"name":"wp","href":"https:\/\/api.w.org\/{rel}","templated":true}]}}