{"id":404,"date":"2008-05-30T13:27:48","date_gmt":"2008-05-30T12:27:48","guid":{"rendered":"http:\/\/www.cdlpv.org\/dtl\/?p=404"},"modified":"2008-05-30T13:27:48","modified_gmt":"2008-05-30T12:27:48","slug":"conferencia-de-fernand-de-varennes-sobre-drets-linguistics","status":"publish","type":"post","link":"https:\/\/www.cdlpv.org\/dtl\/2008\/05\/30\/conferencia-de-fernand-de-varennes-sobre-drets-linguistics\/","title":{"rendered":"Confer\u00e8ncia de Fernand de Varennes sobre drets ling\u00fc\u00edstics"},"content":{"rendered":"<p><a href=\"http:\/\/www.linguamon.cat\/\" target=\"_blank\">Linguam\u00f3n<\/a> ens envia la convocat\u00f2ria seg\u00fcent:<\/p>\n<blockquote><p>\nUs enviem la invitaci\u00f3 a la confer\u00e8ncia del doctor Fernand de Varennes \u00abEsperan\u00e7a i desesperan\u00e7a: els drets ling\u00fc\u00edstics en un m\u00f3n multiling\u00fce\u00bb que esperem que sigui del vostre inter\u00e8s.<\/p>\n<p>Us agrairem que feu arribar aquesta <a href=\"http:\/\/in3.uoc.edu\/opencms\/opencms\/webs\/projectes\/multiling\/CA\/index.html\" target=\"_blank\">invitaci\u00f3<\/a> a totes les persones que us sembli que hi poden estar interessades.\n<\/p><\/blockquote>\n","protected":false},"excerpt":{"rendered":"<p>Linguam\u00f3n ens envia la convocat\u00f2ria seg\u00fcent: Us enviem la invitaci\u00f3 a la confer\u00e8ncia del doctor Fernand de Varennes \u00abEsperan\u00e7a i desesperan\u00e7a: els drets ling\u00fc\u00edstics en un m\u00f3n multiling\u00fce\u00bb que esperem que sigui del vostre inter\u00e8s. Us agrairem que feu arribar aquesta invitaci\u00f3 a totes les persones que us sembli que hi poden estar interessades.<\/p>\n","protected":false},"author":2,"featured_media":0,"comment_status":"open","ping_status":"open","sticky":false,"template":"","format":"standard","meta":{"footnotes":""},"categories":[2,4,10,1],"tags":[112,276],"class_list":["post-404","post","type-post","status-publish","format-standard","hentry","category-comunicacio","category-dret","category-formacio","category-general","tag-conferencies","tag-linguamon"],"_links":{"self":[{"href":"https:\/\/www.cdlpv.org\/dtl\/wp-json\/wp\/v2\/posts\/404","targetHints":{"allow":["GET"]}}],"collection":[{"href":"https:\/\/www.cdlpv.org\/dtl\/wp-json\/wp\/v2\/posts"}],"about":[{"href":"https:\/\/www.cdlpv.org\/dtl\/wp-json\/wp\/v2\/types\/post"}],"author":[{"embeddable":true,"href":"https:\/\/www.cdlpv.org\/dtl\/wp-json\/wp\/v2\/users\/2"}],"replies":[{"embeddable":true,"href":"https:\/\/www.cdlpv.org\/dtl\/wp-json\/wp\/v2\/comments?post=404"}],"version-history":[{"count":0,"href":"https:\/\/www.cdlpv.org\/dtl\/wp-json\/wp\/v2\/posts\/404\/revisions"}],"wp:attachment":[{"href":"https:\/\/www.cdlpv.org\/dtl\/wp-json\/wp\/v2\/media?parent=404"}],"wp:term":[{"taxonomy":"category","embeddable":true,"href":"https:\/\/www.cdlpv.org\/dtl\/wp-json\/wp\/v2\/categories?post=404"},{"taxonomy":"post_tag","embeddable":true,"href":"https:\/\/www.cdlpv.org\/dtl\/wp-json\/wp\/v2\/tags?post=404"}],"curies":[{"name":"wp","href":"https:\/\/api.w.org\/{rel}","templated":true}]}}