{"id":403,"date":"2008-05-30T11:36:22","date_gmt":"2008-05-30T10:36:22","guid":{"rendered":"http:\/\/www.cdlpv.org\/dtl\/?p=403"},"modified":"2008-05-30T11:36:22","modified_gmt":"2008-05-30T10:36:22","slug":"zapatero-i-les-sabates-de-paper","status":"publish","type":"post","link":"https:\/\/www.cdlpv.org\/dtl\/2008\/05\/30\/zapatero-i-les-sabates-de-paper\/","title":{"rendered":"Zapatero i les sabates de paper"},"content":{"rendered":"<p>Tal com feia evident una anotaci\u00f3 de Gabriel Bibiloni <a href=\"http:\/\/bibiloni.cat\/blog\/?p=407\" target=\"_blank\">(21.05.2008)<\/a>, hi ha persones i mitjans que tenen uns arguments pendulars, \u00e9s a dir, que pengen del fil dels seus interessos i partidismes m\u00e9s o menys eventuals. El cas \u00e9s que el govern espanyol tamb\u00e9 es retrata ara amb la defensa de la \u00ablengua espa\u00f1ola\u00bb, segons el diari <em>El Pa\u00eds<\/em> <a href=\"http:\/\/www.elpais.com\/articulo\/economia\/Espana\/vetara\/patente\/comunitaria\/admite\/lengua\/espanola\/elpepieco\/20080529elpepieco_4\/Tes\" target=\"_blank\">(29.05.2008)<\/a>:<\/p>\n<blockquote>\n<h2>Espanya vetar\u00e0 la patent comunit\u00e0ria si no s&#8217;hi admet la llengua espanyola<\/h2>\n[&#8230;]\nEl vigent sistema europeu de patents es regix amb el Conveni de Munic, que nom\u00e9s admet com a idiomes de registre l&#8217;alemany, el franc\u00e9s i l&#8217;angl\u00e9s. Espanya creu que acomodar la patent comunit\u00e0ria a eixe r\u00e8gim suposaria introduir per la porta de darrere en l&#8217;ordenament comunitari un r\u00e8gim triling\u00fce que deixa fora l&#8217;espanyol. \u00abEspanya exigir\u00e0 que es respecten els principis de seguretat jur\u00eddica i de no-discriminaci\u00f3 ling\u00fc\u00edstica\u00bb, assenyala Diego L\u00f3pez Garrido, secretari d&#8217;estat per a Assumptes Europeus que assistir\u00e0 a la reuni\u00f3. \u00abSi no, ho vetarem\u00bb.\n<\/p><\/blockquote>\n<p>Pendularment, ara resulta que L\u00f3pez Garrido oblida d&#8217;una banda que al seu pa\u00eds hi ha uns quants milions de parlants necessitats dels seus principis, i no \u00fanicament els castellanoparlants. Hi ha diversos passatges del llibre <em>El nacionalismo ling\u00fc\u00edstico. Una ideologia destructiva<\/em> de Juan Carlos Moreno Cabrera que troben lloc adient per a frases tan gloriosament desvergonyides del secretari d&#8217;estat.<\/p>\n<p>El govern espanyol continua discriminant els seus ciutadans en una mat\u00e8ria que \u00e9s nom\u00e9s compet\u00e8ncia seua, tant si ens referim a l&#8217;oficialitat del catal\u00e0 i el basc a Europa \u2014posem que el gallec \u00e9s portugu\u00e9s (<a href=\"http:\/\/www.pglingua.org\/index.php\">veg.<\/a> <em>Portal Galego da l\u00edngua<\/em>): una altra cosa \u00e9s que vullguen o no fer \u00fas d&#8217;eixe avantatge\u2014, com si ens referim a l&#8217;\u00fas de les lleng\u00fces de l&#8217;estat a les corts espanyoles \u2014on nom\u00e9s els que usen catal\u00e0, basc o gallec s\u00f3n discriminats sistem\u00e0ticament\u2014. En canvi, eixe mateix govern reclama ara davant la Uni\u00f3 Europea all\u00f2 que nega en el pati de sa casa. A cal sabater, sabates de paper.<\/p>\n","protected":false},"excerpt":{"rendered":"<p>Tal com feia evident una anotaci\u00f3 de Gabriel Bibiloni (21.05.2008), hi ha persones i mitjans que tenen uns arguments pendulars, \u00e9s a dir, que pengen del fil dels seus interessos i partidismes m\u00e9s o menys eventuals. El cas \u00e9s que el govern espanyol tamb\u00e9 es retrata ara amb la defensa de la \u00ablengua espa\u00f1ola\u00bb, segons [&hellip;]<\/p>\n","protected":false},"author":2,"featured_media":0,"comment_status":"open","ping_status":"open","sticky":false,"template":"","format":"standard","meta":{"footnotes":""},"categories":[1,19,24,35],"tags":[357],"class_list":["post-403","post","type-post","status-publish","format-standard","hentry","category-general","category-politica","category-requisit-linguistic","category-unio-europea","tag-patents"],"_links":{"self":[{"href":"https:\/\/www.cdlpv.org\/dtl\/wp-json\/wp\/v2\/posts\/403","targetHints":{"allow":["GET"]}}],"collection":[{"href":"https:\/\/www.cdlpv.org\/dtl\/wp-json\/wp\/v2\/posts"}],"about":[{"href":"https:\/\/www.cdlpv.org\/dtl\/wp-json\/wp\/v2\/types\/post"}],"author":[{"embeddable":true,"href":"https:\/\/www.cdlpv.org\/dtl\/wp-json\/wp\/v2\/users\/2"}],"replies":[{"embeddable":true,"href":"https:\/\/www.cdlpv.org\/dtl\/wp-json\/wp\/v2\/comments?post=403"}],"version-history":[{"count":0,"href":"https:\/\/www.cdlpv.org\/dtl\/wp-json\/wp\/v2\/posts\/403\/revisions"}],"wp:attachment":[{"href":"https:\/\/www.cdlpv.org\/dtl\/wp-json\/wp\/v2\/media?parent=403"}],"wp:term":[{"taxonomy":"category","embeddable":true,"href":"https:\/\/www.cdlpv.org\/dtl\/wp-json\/wp\/v2\/categories?post=403"},{"taxonomy":"post_tag","embeddable":true,"href":"https:\/\/www.cdlpv.org\/dtl\/wp-json\/wp\/v2\/tags?post=403"}],"curies":[{"name":"wp","href":"https:\/\/api.w.org\/{rel}","templated":true}]}}