{"id":4025,"date":"2021-02-25T16:30:35","date_gmt":"2021-02-25T15:30:35","guid":{"rendered":"http:\/\/www.cdlpv.org\/dtl\/?p=4025"},"modified":"2021-02-25T12:45:42","modified_gmt":"2021-02-25T11:45:42","slug":"quatre-places-de-traduccio-en-la-diputacio-de-valencia","status":"publish","type":"post","link":"https:\/\/www.cdlpv.org\/dtl\/2021\/02\/25\/quatre-places-de-traduccio-en-la-diputacio-de-valencia\/","title":{"rendered":"Quatre places de traducci\u00f3 en la Diputaci\u00f3 de Val\u00e8ncia"},"content":{"rendered":"<p>La Diputaci\u00f3 de Val\u00e8ncia (consulta: <a href=\"https:\/\/www.dival.es\/personal\/content\/convocatorias-en-ejecucion\" target=\"_blank\" rel=\"nofollow noopener\">25.02.2021<\/a>) ha publicat en el <span class=\"versaleta\"><em>bopv<\/em><\/span> (n\u00fam. 36, <a href=\"https:\/\/web01.dival.es\/personal\/paginas\/ora\/srv2_ora_convoc.asp?codigo=200.47x18#\" target=\"_blank\" rel=\"nofollow noopener\">23.02.2021<\/a>) les bases d&#8217;una oposici\u00f3 lliure per a cobrir quatre places de \u00abt\u00e8cnic\/a mitj\u00e0\/ana traductor\/a\u00bb (corresponents a les ofertes d&#8217;ocupaci\u00f3 dels anys\u00a0 2017 i 2018). A m\u00e9s dels requisits generals, el requisit espec\u00edfic \u00e9s:<\/p>\n<blockquote><p><em>e<\/em>) Estar en possessi\u00f3 del t\u00edtol de diplomat\/da en filologia catalana o equivalent, o b\u00e9, t\u00edtol universitari oficial de graduat o graduada en filologia catalana o les titulacions equivalents que corresponguen, conforme al sistema vigent de titulacions quan aix\u00ed quede acreditat per l\u2019administraci\u00f3 educativa competent, o en condicions d\u2019obtindre\u2019l en la data en qu\u00e8 acabe el termini de presentaci\u00f3 de sol\u00b7licituds. En el seu cas, l\u2019equival\u00e8ncia haur\u00e0 de ser aportada pel personal aspirant mitjan\u00e7ant certificaci\u00f3 expedida a aquest efecte per l\u2019administraci\u00f3 educativa competent. [&#8230;]<\/blockquote>\n<p>Les persones graduades en filologia catalana i equivalents han d&#8217;exhibir o adduir que estes titulacions es validen com a equivalents del C2 en l&#8217;Ordre 7\/2017, <a href=\"http:\/\/www.dogv.gva.es\/datos\/2017\/03\/06\/pdf\/2017_1799.pdf\" target=\"_blank\" rel=\"nofollow noopener\"><i class=\"fas fa-external-link-alt\"><\/i><\/a> de 2 de mar\u00e7 de 2017, de la Conselleria d\u2019Educaci\u00f3, Investigaci\u00f3, Cultura i Esport.<\/p>\n<p>Les funcions de la Unitat de Normalitzaci\u00f3 Ling\u00fc\u00edstica <a href=\"https:\/\/www.dival.es\/normalitzacio\/content\/funcions-de-la-unitat-de-normalitzacio-lingueistica\" target=\"_blank\" rel=\"nofollow noopener\"><i class=\"fas fa-external-link-alt\"><\/i><\/a>\u00a0s\u00f3n:<\/p>\n<blockquote><p><strong>1. TRADUCCI\u00d3 I CORRECCI\u00d3<br \/>\n<\/strong><em>a<\/em>) de la documentaci\u00f3 administrativa de la Diputaci\u00f3 de Val\u00e8ncia<br \/>\n<em>b<\/em>) de les publicacions de la Diputaci\u00f3 de Val\u00e8ncia<br \/>\n<em>c<\/em>) de plantilles de documents dels ajuntaments<\/p>\n<p><strong>2. DOC\u00c8NCIA I ASSESSORAMENT LING\u00dc\u00cdSTIC<\/strong><br \/>\n<em>a<\/em>) Creaci\u00f3 de materials i impartici\u00f3 de cursos de valenci\u00e0 de nivell: oral, elemental, mitj\u00e0 i mitj\u00e0 en l\u00ednia, superior i llenguatge administratiu<br \/>\n<em>b<\/em>) Creaci\u00f3 de materials i impartici\u00f3 de cursos de llenguatge d\u2019especialitat: taller de documents administratius, elaboraci\u00f3 d\u2019informes i eines TIC<br \/>\n<em>c<\/em>) Atenci\u00f3 de consultes ling\u00fc\u00edstiques i de normativa legal<\/p>\n<p><strong>3. ASSIST\u00c8NCIA T\u00c8CNICA ALS AJUNTAMENTS<\/strong><br \/>\n<em>a<\/em>) Creaci\u00f3 de materials de promoci\u00f3 del valenci\u00e0<br \/>\n<em>b<\/em>) Formaci\u00f3 especialitzada, traducci\u00f3 i correcci\u00f3 de documentaci\u00f3 administrativa<\/p><\/blockquote>\n","protected":false},"excerpt":{"rendered":"<p>La Diputaci\u00f3 de Val\u00e8ncia (consulta: 25.02.2021) ha publicat en el bopv (n\u00fam. 36, 23.02.2021) les bases d&#8217;una oposici\u00f3 lliure per a cobrir quatre places de \u00abt\u00e8cnic\/a mitj\u00e0\/ana traductor\/a\u00bb (corresponents a les ofertes d&#8217;ocupaci\u00f3 dels anys\u00a0 2017 i 2018). A m\u00e9s dels requisits generals, el requisit espec\u00edfic \u00e9s: e) Estar en possessi\u00f3 del t\u00edtol de diplomat\/da [&hellip;]<\/p>\n","protected":false},"author":56,"featured_media":0,"comment_status":"open","ping_status":"open","sticky":false,"template":"","format":"standard","meta":{"footnotes":""},"categories":[15,18],"tags":[149,477],"class_list":["post-4025","post","type-post","status-publish","format-standard","hentry","category-laboral","category-oposicions","tag-diputacio-de-valencia","tag-traduccio"],"_links":{"self":[{"href":"https:\/\/www.cdlpv.org\/dtl\/wp-json\/wp\/v2\/posts\/4025","targetHints":{"allow":["GET"]}}],"collection":[{"href":"https:\/\/www.cdlpv.org\/dtl\/wp-json\/wp\/v2\/posts"}],"about":[{"href":"https:\/\/www.cdlpv.org\/dtl\/wp-json\/wp\/v2\/types\/post"}],"author":[{"embeddable":true,"href":"https:\/\/www.cdlpv.org\/dtl\/wp-json\/wp\/v2\/users\/56"}],"replies":[{"embeddable":true,"href":"https:\/\/www.cdlpv.org\/dtl\/wp-json\/wp\/v2\/comments?post=4025"}],"version-history":[{"count":7,"href":"https:\/\/www.cdlpv.org\/dtl\/wp-json\/wp\/v2\/posts\/4025\/revisions"}],"predecessor-version":[{"id":4033,"href":"https:\/\/www.cdlpv.org\/dtl\/wp-json\/wp\/v2\/posts\/4025\/revisions\/4033"}],"wp:attachment":[{"href":"https:\/\/www.cdlpv.org\/dtl\/wp-json\/wp\/v2\/media?parent=4025"}],"wp:term":[{"taxonomy":"category","embeddable":true,"href":"https:\/\/www.cdlpv.org\/dtl\/wp-json\/wp\/v2\/categories?post=4025"},{"taxonomy":"post_tag","embeddable":true,"href":"https:\/\/www.cdlpv.org\/dtl\/wp-json\/wp\/v2\/tags?post=4025"}],"curies":[{"name":"wp","href":"https:\/\/api.w.org\/{rel}","templated":true}]}}