{"id":402,"date":"2008-05-29T15:18:46","date_gmt":"2008-05-29T14:18:46","guid":{"rendered":"http:\/\/www.cdlpv.org\/dtl\/?p=402"},"modified":"2008-05-29T15:18:46","modified_gmt":"2008-05-29T14:18:46","slug":"lus-del-valencia-i-la-jqcv","status":"publish","type":"post","link":"https:\/\/www.cdlpv.org\/dtl\/2008\/05\/29\/lus-del-valencia-i-la-jqcv\/","title":{"rendered":"L&#8217;\u00fas del valenci\u00e0 i la JQCV"},"content":{"rendered":"<p>El diari <em>P\u00e0gina26<\/em> <a href=\"http:\/\/pagina26.com\/comunitat-valenciana\/mes-de-42.000-persones-es-presenten-a-les-proves-de-la-junta-qualificadora.html\" target=\"_blank\">(24.05.2008)<\/a> titula:<\/p>\n<blockquote>\n<h2>M\u00e9s de 42.000 persones es presenten a les proves de la Junta Qualificadora<\/h2>\n<\/blockquote>\n<p>Tanmateix, el desenvolupament de la not\u00edcia, que aclarix moltes dades estad\u00edstiques sobre la realitzaci\u00f3 de les proves \u2014a m\u00e9s d&#8217;afegir un comentari que sembla un elogi que no s\u00e9 si \u00e9s realment adequat: \u00abEnguany, la Junta Qualificadora presta, com sempre, una atenci\u00f3 especial a les persones amb discapacitats.\u00bb\u2014, no aclarix, per\u00f2, fins a quin punt els certificats contribu\u00efxen a l&#8217;augment de l&#8217;\u00fas del valenci\u00e0 tant en l&#8217;administraci\u00f3 p\u00fablica com en la resta dels \u00e0mbits de la nostra societat.<\/p>\n<p>De fet, tot i que sembla una dada quantitativa important (1.055.587 matr\u00edcules des de 1986), tampoc sabem quantes persones han aprovat les proves, dada que no ens aclarir\u00e0 una visita al web mateix de la JQCV. En eixe web tampoc podrem saber fins a quin punt els certificats satisfan les expectatives dels seus posse\u00efdors. Al cap i a la fi, les dades sobre l&#8217;\u00fas oral, l&#8217;escrit i sobre lectura en valenci\u00e0, ens fan pensar indirectament que les ocasions per a exercir eixes compet\u00e8ncies no van compassades amb la consecuci\u00f3 de la plena disponibilitat ling\u00fc\u00edstica respecte de les necessitats dels ciutadans. Per\u00f2 aix\u00f2 no apareix \u00abqualificat\u00bb per la junta.<\/p>\n<p>En resum, si l&#8217;empresa vol ser f\u00e8rtil, la JQCV no hauria de tindre tan sols una finalitat de satisfacci\u00f3 quantitativa en les seues convocat\u00f2ries, sin\u00f3 que hauria de ser tamb\u00e9 un instrument per a aconseguir una millora quantitativa i qualitativa de l&#8217;\u00fas del valenci\u00e0.<\/p>\n","protected":false},"excerpt":{"rendered":"<p>El diari P\u00e0gina26 (24.05.2008) titula: M\u00e9s de 42.000 persones es presenten a les proves de la Junta Qualificadora Tanmateix, el desenvolupament de la not\u00edcia, que aclarix moltes dades estad\u00edstiques sobre la realitzaci\u00f3 de les proves \u2014a m\u00e9s d&#8217;afegir un comentari que sembla un elogi que no s\u00e9 si \u00e9s realment adequat: \u00abEnguany, la Junta Qualificadora [&hellip;]<\/p>\n","protected":false},"author":2,"featured_media":0,"comment_status":"open","ping_status":"open","sticky":false,"template":"","format":"standard","meta":{"footnotes":""},"categories":[10,1,13,27],"tags":[197,506],"class_list":["post-402","post","type-post","status-publish","format-standard","hentry","category-formacio","category-general","category-jqcv","category-sociolinguistica","tag-examens","tag-us"],"_links":{"self":[{"href":"https:\/\/www.cdlpv.org\/dtl\/wp-json\/wp\/v2\/posts\/402","targetHints":{"allow":["GET"]}}],"collection":[{"href":"https:\/\/www.cdlpv.org\/dtl\/wp-json\/wp\/v2\/posts"}],"about":[{"href":"https:\/\/www.cdlpv.org\/dtl\/wp-json\/wp\/v2\/types\/post"}],"author":[{"embeddable":true,"href":"https:\/\/www.cdlpv.org\/dtl\/wp-json\/wp\/v2\/users\/2"}],"replies":[{"embeddable":true,"href":"https:\/\/www.cdlpv.org\/dtl\/wp-json\/wp\/v2\/comments?post=402"}],"version-history":[{"count":0,"href":"https:\/\/www.cdlpv.org\/dtl\/wp-json\/wp\/v2\/posts\/402\/revisions"}],"wp:attachment":[{"href":"https:\/\/www.cdlpv.org\/dtl\/wp-json\/wp\/v2\/media?parent=402"}],"wp:term":[{"taxonomy":"category","embeddable":true,"href":"https:\/\/www.cdlpv.org\/dtl\/wp-json\/wp\/v2\/categories?post=402"},{"taxonomy":"post_tag","embeddable":true,"href":"https:\/\/www.cdlpv.org\/dtl\/wp-json\/wp\/v2\/tags?post=402"}],"curies":[{"name":"wp","href":"https:\/\/api.w.org\/{rel}","templated":true}]}}