{"id":4008,"date":"2021-02-18T15:45:45","date_gmt":"2021-02-18T14:45:45","guid":{"rendered":"http:\/\/www.cdlpv.org\/dtl\/?p=4008"},"modified":"2021-02-19T10:28:44","modified_gmt":"2021-02-19T09:28:44","slug":"lonomasticon-cataloniae-de-joan-coromines-en-linia","status":"publish","type":"post","link":"https:\/\/www.cdlpv.org\/dtl\/2021\/02\/18\/lonomasticon-cataloniae-de-joan-coromines-en-linia\/","title":{"rendered":"L&#8217;<i>Onomasticon Cataloniae<\/i> de Joan Coromines en l\u00ednia"},"content":{"rendered":"<figure id=\"attachment_4019\" aria-describedby=\"caption-attachment-4019\" style=\"width: 300px\" class=\"wp-caption alignleft\"><a href=\"https:\/\/oncat.iec.cat\/\"><img loading=\"lazy\" decoding=\"async\" class=\"size-medium wp-image-4019\" src=\"http:\/\/www.cdlpv.org\/dtl\/wp-content\/uploads\/2021\/02\/OC-Coromines-300x293.png\" alt=\"\" width=\"300\" height=\"293\" srcset=\"https:\/\/www.cdlpv.org\/dtl\/wp-content\/uploads\/2021\/02\/OC-Coromines-300x293.png 300w, https:\/\/www.cdlpv.org\/dtl\/wp-content\/uploads\/2021\/02\/OC-Coromines.png 569w\" sizes=\"auto, (max-width: 300px) 100vw, 300px\" \/><\/a><figcaption id=\"caption-attachment-4019\" class=\"wp-caption-text\">Mostra de l&#8217;<em>Onomasticon Cataloniae<\/em>.<\/figcaption><\/figure>\n<p>L&#8217;Institut d&#8217;Estudis Catalans ha penjat en la xarxa una de les grans obres de Joan Coromines i Vigneaux <a href=\"https:\/\/ca.wikipedia.org\/wiki\/Joan_Coromines_i_Vigneaux\" target=\"_blank\" rel=\"nofollow noopener\"><i class=\"fas fa-external-link-alt\"><\/i><\/a>: l&#8217;<em>Onomasticon Cataloniae <\/em><a href=\"https:\/\/oncat.iec.cat\/\" target=\"_blank\" rel=\"nofollow noopener\"><i class=\"fas fa-external-link-alt\"><\/i><\/a>. L&#8217;obra \u00e9s una pe\u00e7a ben rellevant en el repertori de recursos en l\u00ednia que els t\u00e8cnics ling\u00fc\u00edstics \u2014i tots els interessats per la llengua i per la topon\u00edmia\u2014 poden utilitzar per a ampliar i millorar el coneiximent sobre l&#8217;evoluci\u00f3 i les possibilitats de la llengua. El web de l&#8217;obra permet localitzar els top\u00f2nims indexats i mostra els continguts en un <span class=\"versaleta\">pdf<\/span> (descarregable), que permet copiar el text (cal revisar el resultat, ja que el programa de reconeiximent \u00f2ptic de car\u00e0cters no llig perfectament).<\/p>\n<p>Podem llegir en la presentaci\u00f3 del projecte:<\/p>\n<blockquote><p>L\u2019<em>Onomasticon Cataloniae<\/em>\u00a0(8 vol., 1989-1997) (OnCat) \u00e9s una de les dues grans obres de refer\u00e8ncia de Joan Coromines, juntament amb el\u00a0<em>Diccionari etimol\u00f2gic i complementari de la llengua catalana\u00a0<\/em>(DECat), sobre el domini catal\u00e0. L\u2019objectiu del projecte \u00e9s doble. Per una banda, s\u2019ha volgut fer possible la consulta en l\u00ednia, ja que \u00e9s una obra molt destacada de la ling\u00fc\u00edstica catalana, reconeguda internacionalment pel seu valor intr\u00ednsec. Per una altra banda, es vol fer un buidatge de l\u2019obra que completi la informaci\u00f3 de l\u2019actual \u00edndex, que recull essencialment els noms propis catalans (top\u00f2nims i antrop\u00f2nims) presents a l\u2019obra.<\/p><\/blockquote>\n<p>Segons indica el web de l&#8217;<em>Onomasticon, <\/em>les persones que han preparat esta edici\u00f3 en l\u00ednia han segut:<\/p>\n<blockquote><p>Equip de treball:<\/p>\n<blockquote><p><strong>Direcci\u00f3<\/strong>: Jos\u00e9 Enrique Gargallo (Universitat de Barcelona \/ Institut d&#8217;Estudis Catalans).<br \/>\n<strong>Coordinaci\u00f3:<\/strong>\u00a0Mar Batlle (Institut d&#8217;Estudis Catalans \/ Universitat de Barcelona).<br \/>\n<strong>Investigadors<\/strong>: Gemma Ferrer Carreras (Graduada en Filologia Rom\u00e0nica i Filologia Catalana \u2013UB, Postgraduada en Assessorament Ling\u00fc\u00edstic i Serveis Editorials \u2013UB).<br \/>\n<strong>Recursos digitals:<\/strong>\u00a0Santi Muxach (Institut d&#8217;Estudis Catalans).<\/p><\/blockquote>\n<p>Amb el suport de:<\/p>\n<blockquote><p><strong>Comissi\u00f3 d&#8217;Onom\u00e0stica de l&#8217;IEC:<\/strong>\u00a0Joan Peytav\u00ed (president), Cosme Aguil\u00f3, Jos\u00e9 Enrique Gargallo, Llu\u00eds B. Polanco, Enric Ribes, Albert Turull, Joan Miralles i Josep Moran.<br \/>\n<strong>Oficina d&#8217;Onom\u00e0stica de l&#8217;IEC:<\/strong>\u00a0Enric Ribes (director), Joan Anton Rabella i Mar Batlle.<br \/>\n<strong>Fundaci\u00f3 Pere Coromines:<\/strong>\u00a0Josep Ferrer Costa, Joan Ferrer Costa i Joan Pujadas.<br \/>\n<strong>I els investigadors:<\/strong>\u00a0Joseph Gulsoy\u00a0 i Philip Rasico, membres corresponents de la Secci\u00f3 Filol\u00f2gica; Xavier Terrado Pablo (Universitat de Lleida) i Emili Casanova (Universitat de Val\u00e8ncia \/ Acad\u00e8mia Valenciana de la Llengua).<\/p><\/blockquote>\n<\/blockquote>\n","protected":false},"excerpt":{"rendered":"<p>L&#8217;Institut d&#8217;Estudis Catalans ha penjat en la xarxa una de les grans obres de Joan Coromines i Vigneaux : l&#8217;Onomasticon Cataloniae . L&#8217;obra \u00e9s una pe\u00e7a ben rellevant en el repertori de recursos en l\u00ednia que els t\u00e8cnics ling\u00fc\u00edstics \u2014i tots els interessats per la llengua i per la topon\u00edmia\u2014 poden utilitzar per a ampliar [&hellip;]<\/p>\n","protected":false},"author":56,"featured_media":0,"comment_status":"open","ping_status":"open","sticky":false,"template":"","format":"standard","meta":{"footnotes":""},"categories":[3,16],"tags":[202,239,338],"class_list":["post-4008","post","type-post","status-publish","format-standard","hentry","category-documentacio","category-lexicografia","tag-filologia","tag-iec","tag-onomastica"],"_links":{"self":[{"href":"https:\/\/www.cdlpv.org\/dtl\/wp-json\/wp\/v2\/posts\/4008","targetHints":{"allow":["GET"]}}],"collection":[{"href":"https:\/\/www.cdlpv.org\/dtl\/wp-json\/wp\/v2\/posts"}],"about":[{"href":"https:\/\/www.cdlpv.org\/dtl\/wp-json\/wp\/v2\/types\/post"}],"author":[{"embeddable":true,"href":"https:\/\/www.cdlpv.org\/dtl\/wp-json\/wp\/v2\/users\/56"}],"replies":[{"embeddable":true,"href":"https:\/\/www.cdlpv.org\/dtl\/wp-json\/wp\/v2\/comments?post=4008"}],"version-history":[{"count":12,"href":"https:\/\/www.cdlpv.org\/dtl\/wp-json\/wp\/v2\/posts\/4008\/revisions"}],"predecessor-version":[{"id":4021,"href":"https:\/\/www.cdlpv.org\/dtl\/wp-json\/wp\/v2\/posts\/4008\/revisions\/4021"}],"wp:attachment":[{"href":"https:\/\/www.cdlpv.org\/dtl\/wp-json\/wp\/v2\/media?parent=4008"}],"wp:term":[{"taxonomy":"category","embeddable":true,"href":"https:\/\/www.cdlpv.org\/dtl\/wp-json\/wp\/v2\/categories?post=4008"},{"taxonomy":"post_tag","embeddable":true,"href":"https:\/\/www.cdlpv.org\/dtl\/wp-json\/wp\/v2\/tags?post=4008"}],"curies":[{"name":"wp","href":"https:\/\/api.w.org\/{rel}","templated":true}]}}